{"id":12926,"date":"2019-10-29T09:35:25","date_gmt":"2019-10-29T09:35:25","guid":{"rendered":"https:\/\/leiklist.is\/?p=12926"},"modified":"2020-03-02T10:03:00","modified_gmt":"2020-03-02T10:03:00","slug":"lina-frumsynd-a-austurlandi","status":"publish","type":"post","link":"https:\/\/leiklist.is\/en\/lina-frumsynd-a-austurlandi\/","title":{"rendered":"L\u00edna frums\u00fdnd \u00e1 Austurlandi"},"content":{"rendered":"<p>Leikf\u00e9lag Flj\u00f3tsdalsh\u00e9ra\u00f0s frums\u00fdnirbarnaleikriti\u00f0 L\u00ednu Langsokk \u00fe. 5. n\u00f3vember, \u00ed h\u00e1t\u00ed\u00f0arsalnum \u00ed Al\u00fe\u00fd\u00f0usk\u00f3lanum \u00e1 Ei\u00f0um.<br \/>Sj\u00f3narh\u00f3ll ver\u00f0ur sem sagt \u00e1 Ei\u00f0um \u00ed n\u00f3vember, \u00fear sem L\u00edna ver\u00f0ur me\u00f0 apa sinn, herra N\u00edels og hestinn. H\u00fan er sj\u00f3r\u00e6ningjad\u00f3ttir sem er prakkari en l\u00edka hjartahl\u00fd st\u00falka sem elur sig sj\u00e1lf upp me\u00f0 har\u00f0ri hendi. L\u00edna \u00e1 fulla t\u00f6sku af gullpeningum og er sterkasta stelpa \u00ed heimi.<br \/>\u00deessi skemmtilega saga eftir Astrid Lindgren lifir \u00ed hugum okkar allra en h\u00fan var\u00f0 til \u00e1 r\u00famstokki h\u00f6fundar 1941 \u00feegar d\u00f3ttir hennar var lasin og h\u00fan stytti henni stundirnar me\u00f0 s\u00f6gum af rau\u00f0h\u00e6\u00f0um \u00f3l\u00e1tabelgi me\u00f0 freknur og stelpan sk\u00fdr\u00f0i hana Pippi, sem var\u00f0 a\u00f0 L\u00ednu \u00e1 \u00edslensku. Leikf\u00e9lagi\u00f0 er stolt af \u00fev\u00ed a\u00f0 setja \u00feetta gamalkunna barnaleikrit \u00e1 svi\u00f0.<\/p>\r\n\r\n\r\n\r\n<p>Leikstj\u00f3ri s\u00fdningarinnar er J\u00f3el S\u00e6mundsson, Freyja Kristj\u00e1nsd\u00f3ttir er t\u00f3nlistarstj\u00f3ri en L\u00edna sj\u00e1lf er leikin af Karenu \u00d3sk Bj\u00f6rnsd\u00f3ttur. Frums\u00fdning ver\u00f0ur eins og \u00e1\u00f0ur sag\u00f0i \u00feri. 5. n\u00f3vember en s\u00fdningar ver\u00f0a s\u00ed\u00f0an sem h\u00e9r segir:<\/p>\r\n\r\n\r\n\r\n<p>2. s\u00fdning &#8211; Mi\u00f0. 6. n\u00f3v. kl. 18:00<br \/>3. s\u00fdning &#8211; F\u00f6s. 8. n\u00f3v. kl. 18:00<br \/>4. s\u00fdning &#8211; Lau. 9. n\u00f3v. kl. 15:00<br \/>5. s\u00fdning &#8211; Sun. 10. n\u00f3v. kl. 15:00<br \/>6. s\u00fdning &#8211; Sun. 10. n\u00f3v. kl. 18:00<br \/>7. s\u00fdning &#8211; Mi\u00f0. 13. n\u00f3v. kl.18:00<br \/>Mi\u00f0ap\u00f6ntun er \u00e1 <a href=\"https:\/\/leikfelagfljotsdalsherads.wordpress.com\/\">vef f\u00e9lagsins<\/a>. Almennt mi\u00f0aver\u00f0 er 3.000 kr. en 2.500 kr. fyrir b\u00f6rn 4ra til 12 \u00e1ra, eldri borgara og \u00f6ryrkja.<br \/>3ja \u00e1ra b\u00f6rn og yngri f\u00e1 fr\u00edtt inn. <br \/>N\u00e1nari uppl\u00fdsingar \u00e1 <a href=\"mailto:leikfelagfljotsdalsherads@gmail.com\">leikfelagfljotsdalsherads@gmail.com<\/a><\/p>","protected":false},"excerpt":{"rendered":"<p>Leikf\u00e9lag Flj\u00f3tsdalsh\u00e9ra\u00f0s frums\u00fdnirbarnaleikriti\u00f0 L\u00ednu Langsokk \u00fe. 5. n\u00f3vember, \u00ed h\u00e1t\u00ed\u00f0arsalnum \u00ed Al\u00fe\u00fd\u00f0usk\u00f3lanum \u00e1 Ei\u00f0um.Sj\u00f3narh\u00f3ll ver\u00f0ur sem sagt \u00e1 Ei\u00f0um \u00ed n\u00f3vember, \u00fear sem L\u00edna ver\u00f0ur me\u00f0 apa sinn, herra N\u00edels og hestinn. H\u00fan er sj\u00f3r\u00e6ningjad\u00f3ttir sem er prakkari en l\u00edka hjartahl\u00fd st\u00falka sem elur sig sj\u00e1lf upp me\u00f0 har\u00f0ri hendi. L\u00edna \u00e1 fulla t\u00f6sku af [&hellip;]<\/p>\n","protected":false},"author":3,"featured_media":19909,"comment_status":"closed","ping_status":"closed","sticky":false,"template":"","format":"standard","meta":{"_et_pb_use_builder":"","_et_pb_old_content":"","_et_gb_content_width":"","footnotes":""},"categories":[187,213],"tags":[],"class_list":["post-12926","post","type-post","status-publish","format-standard","has-post-thumbnail","hentry","category-allar-frir","category-vikupostur","et-has-post-format-content","et_post_format-et-post-format-standard"],"_links":{"self":[{"href":"https:\/\/leiklist.is\/en\/wp-json\/wp\/v2\/posts\/12926","targetHints":{"allow":["GET"]}}],"collection":[{"href":"https:\/\/leiklist.is\/en\/wp-json\/wp\/v2\/posts"}],"about":[{"href":"https:\/\/leiklist.is\/en\/wp-json\/wp\/v2\/types\/post"}],"author":[{"embeddable":true,"href":"https:\/\/leiklist.is\/en\/wp-json\/wp\/v2\/users\/3"}],"replies":[{"embeddable":true,"href":"https:\/\/leiklist.is\/en\/wp-json\/wp\/v2\/comments?post=12926"}],"version-history":[{"count":0,"href":"https:\/\/leiklist.is\/en\/wp-json\/wp\/v2\/posts\/12926\/revisions"}],"wp:featuredmedia":[{"embeddable":true,"href":"https:\/\/leiklist.is\/en\/wp-json\/wp\/v2\/media\/19909"}],"wp:attachment":[{"href":"https:\/\/leiklist.is\/en\/wp-json\/wp\/v2\/media?parent=12926"}],"wp:term":[{"taxonomy":"category","embeddable":true,"href":"https:\/\/leiklist.is\/en\/wp-json\/wp\/v2\/categories?post=12926"},{"taxonomy":"post_tag","embeddable":true,"href":"https:\/\/leiklist.is\/en\/wp-json\/wp\/v2\/tags?post=12926"}],"curies":[{"name":"wp","href":"https:\/\/api.w.org\/{rel}","templated":true}]}}