{"id":12894,"date":"2019-10-16T16:35:53","date_gmt":"2019-10-16T16:35:53","guid":{"rendered":"https:\/\/leiklist.is\/?p=12894"},"modified":"2020-03-02T10:03:00","modified_gmt":"2020-03-02T10:03:00","slug":"rocky-i-tjarnarbioi","status":"publish","type":"post","link":"https:\/\/leiklist.is\/en\/rocky-i-tjarnarbioi\/","title":{"rendered":"Rocky \u00ed Tjarnarb\u00ed\u00f3i"},"content":{"rendered":"\r\n<p>Ver\u00f0launas\u00fdningin ROCKY! \u00ed flutningi leikh\u00f3psins \u00d3skabarna \u00f3g\u00e6funnar ver\u00f0ur s\u00fdnd \u00e1 \u00cdslandi \u00ed fyrsta skipti 18. okt\u00f3ber n\u00e6stkomandi.<\/p>\r\n\r\n\r\n\r\n<p>Um er a\u00f0 r\u00e6\u00f0a gl\u00e6n\u00fdtt danskt verk eftir einn mest spennandi leikh\u00fasmann Danaveldis, Tue Biering. Verki\u00f0 vakti mikla athygli \u00e1 s\u00ed\u00f0asta \u00e1ri fyrir a\u00f0 taka \u00e1 frumlegan h\u00e1tt \u00e1 erfi\u00f0u m\u00e1lefni.<\/p>\r\n\r\n\r\n\r\n<p>Vi\u00f0 elskum \u00f6ll s\u00f6guna af Rocky, l\u00fasernum sem n\u00e6r me\u00f0 \u00ferautseigju og vinnu a\u00f0 yfirst\u00edga allar hindranir, bera andst\u00e6\u00f0inginn ofurli\u00f0i og r\u00edsa upp sem sigurvegari \u00ed lokin.<\/p>\r\n\r\n\r\n\r\n<p>En hva\u00f0 ef VI\u00d0 erum andst\u00e6\u00f0ingurinn? Hva\u00f0 ef Rocky er einn af \u201ehinum\u201d?<\/p>\r\n\r\n\r\n\r\n<p>\u201eVi\u00f0 ver\u00f0um a\u00f0 \u00fatr\u00fdma \u00feessum sj\u00fakd\u00f3mi sem herjar \u00e1 landi\u00f0 okkar. Jafnvel \u00fe\u00f3 \u00fea\u00f0 \u00fe\u00fd\u00f0i borgarastyrj\u00f6ld.\u201d \u2013 Rocky Balboa<\/p>\r\n\r\n\r\n\r\n<p>Gagnr\u00fdnendur \u00ed Danm\u00f6rku eru \u00e1 einu m\u00e1li:<\/p>\r\n\r\n\r\n\r\n<p>\u201e\u00c9g sat eftir me\u00f0 t\u00e1rin \u00ed augunum af gle\u00f0i \u00fev\u00ed \u00feetta \u00feri\u00f0judagskv\u00f6ld upplif\u00f0i \u00e9g a\u00f0 leikh\u00fasi\u00f0 getur tekist \u00e1 vi\u00f0 t\u00ed\u00f0arandann og erfi\u00f0 m\u00e1lefni \u00e1 h\u00e1tt sem er n\u00fat\u00edmalegur og jafnvel meira \u00ed takt vi\u00f0 raunveruleikann en raunveruleikinn sj\u00e1lfur. A\u00f0 \u00fea\u00f0 geti \u00feani\u00f0 \u00fat samkennd m\u00edna umfram nokku\u00f0 sem \u00e9g gat l\u00e1ti\u00f0 mig dreyma um. &#8211; 5 stj\u00f6rnur \u2013 Berlinske<\/p>\r\n\r\n\r\n\r\n<p>\u00deetta er hugsandi leikh\u00fas, frumlegt og p\u00f3lit\u00edskt frelsandi [\u2026]. \u00c9g hvet hvern og einn eindregi\u00f0 til a\u00f0 st\u00edga inn, leyfa s\u00e9r a\u00f0 upplifa verki\u00f0 og d\u00e6ma svo hver fyrir sig.\u201c &#8211; 5 stj\u00f6rnur \u2013 Politiken<\/p>\r\n\r\n\r\n\r\n<p>H\u00f6fundur: \u202fTue Biering<br \/>Leikari:\u202fSveinn \u00d3lafur Gunnarsson\u00a0<br \/>Leikstj\u00f3rn:\u202fVignir Rafn Val\u00fe\u00f3rsson <br \/>B\u00faningar og leikmynd: En\u00f3la R\u00edkey\u202f<br \/>Lj\u00f3s: \u202fJ\u00f3hann Bjarni P\u00e1lmason og Magn\u00fas Thorlacius\u00a0<br \/>Hlj\u00f3\u00f0: \u00cdsid\u00f3r J\u00f6kull Bjarnason\u00a0 Framkv\u00e6mdastj\u00f3rn: J\u00f3nas Alfre\u00f0 Birkisson<\/p>\r\n\r\n\r\n\r\n<p>N\u00e1nari uppl\u00fdsingar m\u00e1 finna \u00e1 <a href=\"http:\/\/www.\u00f3g\u00e6fa.is\">www.\u00f3g\u00e6fa.is<\/a> og <a href=\"http:\/\/tjarnarbio.is\">tjarnarbio.is<\/a>.<\/p>\r\n","protected":false},"excerpt":{"rendered":"<p>Ver\u00f0launas\u00fdningin ROCKY! \u00ed flutningi leikh\u00f3psins \u00d3skabarna \u00f3g\u00e6funnar ver\u00f0ur s\u00fdnd \u00e1 \u00cdslandi \u00ed fyrsta skipti 18. okt\u00f3ber n\u00e6stkomandi. Um er a\u00f0 r\u00e6\u00f0a gl\u00e6n\u00fdtt danskt verk eftir einn mest spennandi leikh\u00fasmann Danaveldis, Tue Biering. Verki\u00f0 vakti mikla athygli \u00e1 s\u00ed\u00f0asta \u00e1ri fyrir a\u00f0 taka \u00e1 frumlegan h\u00e1tt \u00e1 erfi\u00f0u m\u00e1lefni. Vi\u00f0 elskum \u00f6ll s\u00f6guna af Rocky, l\u00fasernum [&hellip;]<\/p>\n","protected":false},"author":3,"featured_media":19915,"comment_status":"closed","ping_status":"closed","sticky":false,"template":"","format":"standard","meta":{"_et_pb_use_builder":"","_et_pb_old_content":"","_et_gb_content_width":"","footnotes":""},"categories":[187,213],"tags":[],"class_list":["post-12894","post","type-post","status-publish","format-standard","has-post-thumbnail","hentry","category-allar-frir","category-vikupostur","et-has-post-format-content","et_post_format-et-post-format-standard"],"_links":{"self":[{"href":"https:\/\/leiklist.is\/en\/wp-json\/wp\/v2\/posts\/12894","targetHints":{"allow":["GET"]}}],"collection":[{"href":"https:\/\/leiklist.is\/en\/wp-json\/wp\/v2\/posts"}],"about":[{"href":"https:\/\/leiklist.is\/en\/wp-json\/wp\/v2\/types\/post"}],"author":[{"embeddable":true,"href":"https:\/\/leiklist.is\/en\/wp-json\/wp\/v2\/users\/3"}],"replies":[{"embeddable":true,"href":"https:\/\/leiklist.is\/en\/wp-json\/wp\/v2\/comments?post=12894"}],"version-history":[{"count":0,"href":"https:\/\/leiklist.is\/en\/wp-json\/wp\/v2\/posts\/12894\/revisions"}],"wp:featuredmedia":[{"embeddable":true,"href":"https:\/\/leiklist.is\/en\/wp-json\/wp\/v2\/media\/19915"}],"wp:attachment":[{"href":"https:\/\/leiklist.is\/en\/wp-json\/wp\/v2\/media?parent=12894"}],"wp:term":[{"taxonomy":"category","embeddable":true,"href":"https:\/\/leiklist.is\/en\/wp-json\/wp\/v2\/categories?post=12894"},{"taxonomy":"post_tag","embeddable":true,"href":"https:\/\/leiklist.is\/en\/wp-json\/wp\/v2\/tags?post=12894"}],"curies":[{"name":"wp","href":"https:\/\/api.w.org\/{rel}","templated":true}]}}