{"id":12874,"date":"2019-10-10T09:24:02","date_gmt":"2019-10-10T09:24:02","guid":{"rendered":"https:\/\/leiklist.is\/?p=12874"},"modified":"2020-03-02T10:03:00","modified_gmt":"2020-03-02T10:03:00","slug":"sannleikur-a-svidi-leiklistarnamskeid","status":"publish","type":"post","link":"https:\/\/leiklist.is\/en\/sannleikur-a-svidi-leiklistarnamskeid\/","title":{"rendered":"Sannleikur \u00e1 svi\u00f0i &#8211; leiklistarn\u00e1mskei\u00f0"},"content":{"rendered":"<p>Svi\u00f0slistah\u00f3purinn <a href=\"https:\/\/www.flaekja.com\/\">Fl\u00e6kja<\/a> stendur fyrir leiklistarn\u00e1mskei\u00f0i fyrir byrjendur og lengra komna \u00fear sem unni\u00f0 er me\u00f0 leiktexta og helstu a\u00f0fer\u00f0ir vi\u00f0 a\u00f0 l\u00e6ra og flytja hann \u00e1 tr\u00faver\u00f0ugan h\u00e1tt. N\u00e1mskei\u00f0i\u00f0 hentar s\u00e9rstaklega \u00feeim sem stefna \u00e1 prufur b\u00e6\u00f0i fyrir leiklistarsk\u00f3la e\u00f0a \u00f6nnur verkefni. Markmi\u00f0 n\u00e1mskei\u00f0isins er a\u00f0 l\u00e6ra einfalda t\u00e6kni sem au\u00f0velt er a\u00f0 tileinka s\u00e9r og hj\u00e1lpar manni a\u00f0 vera meira sannf\u00e6randi \u00e1 svi\u00f0i og fyrir framan myndav\u00e9l. N\u00e1mskei\u00f0i\u00f0 er fyrir 16 \u00e1ra og eldri.<\/p>\r\n\r\n\r\n\r\n<p>N\u00e1mskei\u00f0i\u00f0 fer fram 19. okt\u00f3ber, kl. 10:00- 15:00, \u00ed S\u00f6ngsk\u00f3lanum \u00ed Reykjav\u00edk.<\/p>\r\n\r\n\r\n\r\n<p>Kennarar eru \u00fe\u00e6r Sigr\u00ed\u00f0ur \u00c1sta Olgeirsd\u00f3ttir og J\u00fal\u00edana Krist\u00edn J\u00f3nsd\u00f3ttir. N\u00e1nari uppl\u00fdsingar um \u00fe\u00e6r er a\u00f0 finna <a href=\"https:\/\/www.flaekja.com\/leiklistarnamskeid\">\u00e1 vef Fl\u00e6kju<\/a>.<\/p>\r\n\r\n\r\n\r\n<p>Ver\u00f0: 8500 kr\u00f3nur.<\/p>\r\n\r\n\r\n\r\n<p>N\u00e1mskei\u00f0i\u00f0 er \u00ed samstarfi vi\u00f0 S\u00f6ngsk\u00f3lann \u00ed Reykjav\u00edk.<\/p>","protected":false},"excerpt":{"rendered":"<p>Svi\u00f0slistah\u00f3purinn Fl\u00e6kja stendur fyrir leiklistarn\u00e1mskei\u00f0i fyrir byrjendur og lengra komna \u00fear sem unni\u00f0 er me\u00f0 leiktexta og helstu a\u00f0fer\u00f0ir vi\u00f0 a\u00f0 l\u00e6ra og flytja hann \u00e1 tr\u00faver\u00f0ugan h\u00e1tt. N\u00e1mskei\u00f0i\u00f0 hentar s\u00e9rstaklega \u00feeim sem stefna \u00e1 prufur b\u00e6\u00f0i fyrir leiklistarsk\u00f3la e\u00f0a \u00f6nnur verkefni. Markmi\u00f0 n\u00e1mskei\u00f0isins er a\u00f0 l\u00e6ra einfalda t\u00e6kni sem au\u00f0velt er a\u00f0 tileinka s\u00e9r [&hellip;]<\/p>\n","protected":false},"author":3,"featured_media":19895,"comment_status":"closed","ping_status":"closed","sticky":false,"template":"","format":"standard","meta":{"_et_pb_use_builder":"","_et_pb_old_content":"","_et_gb_content_width":"","footnotes":""},"categories":[187,213],"tags":[],"class_list":["post-12874","post","type-post","status-publish","format-standard","has-post-thumbnail","hentry","category-allar-frir","category-vikupostur","et-has-post-format-content","et_post_format-et-post-format-standard"],"_links":{"self":[{"href":"https:\/\/leiklist.is\/en\/wp-json\/wp\/v2\/posts\/12874","targetHints":{"allow":["GET"]}}],"collection":[{"href":"https:\/\/leiklist.is\/en\/wp-json\/wp\/v2\/posts"}],"about":[{"href":"https:\/\/leiklist.is\/en\/wp-json\/wp\/v2\/types\/post"}],"author":[{"embeddable":true,"href":"https:\/\/leiklist.is\/en\/wp-json\/wp\/v2\/users\/3"}],"replies":[{"embeddable":true,"href":"https:\/\/leiklist.is\/en\/wp-json\/wp\/v2\/comments?post=12874"}],"version-history":[{"count":0,"href":"https:\/\/leiklist.is\/en\/wp-json\/wp\/v2\/posts\/12874\/revisions"}],"wp:featuredmedia":[{"embeddable":true,"href":"https:\/\/leiklist.is\/en\/wp-json\/wp\/v2\/media\/19895"}],"wp:attachment":[{"href":"https:\/\/leiklist.is\/en\/wp-json\/wp\/v2\/media?parent=12874"}],"wp:term":[{"taxonomy":"category","embeddable":true,"href":"https:\/\/leiklist.is\/en\/wp-json\/wp\/v2\/categories?post=12874"},{"taxonomy":"post_tag","embeddable":true,"href":"https:\/\/leiklist.is\/en\/wp-json\/wp\/v2\/tags?post=12874"}],"curies":[{"name":"wp","href":"https:\/\/api.w.org\/{rel}","templated":true}]}}