{"id":1282,"date":"2007-03-14T11:31:10","date_gmt":"2007-03-14T11:31:10","guid":{"rendered":"http:\/\/wp.leiklist.is\/?p=1282"},"modified":"2007-03-14T11:31:10","modified_gmt":"2007-03-14T11:31:10","slug":"himnar-yjum","status":"publish","type":"post","link":"https:\/\/leiklist.is\/en\/himnar-yjum\/","title":{"rendered":"Himnar\u00edki \u00ed Eyjum"},"content":{"rendered":"<p> Leikf\u00e9lag Vestmannaeyja er n\u00fa \u00e1 fullu a\u00f0 \u00e6fa Himnar\u00edki eftir \u00c1rna Ibsen, \u00ed leikstj\u00f3rn J\u00f3ns Inga H\u00e1konarsonar  \u00deetta er skemmtilegt og krefjandi verk fyrir leikarana en tveir \u00feeirra eru a\u00f0 st\u00edga s\u00edn fyrstu skref \u00e1 svi\u00f0i.  <\/p>\n<p> \u00c6fingarnar ganga mj\u00f6g vel og er \u00e1\u00e6tla\u00f0 a\u00f0 frums\u00fdna \u00feann 5. apr\u00edl n.k. \u00ed B\u00e6jarleikh\u00fasinu \u00ed Vestmannaeyjum.<\/p>\n<p> Einnig er fyrirhuga\u00f0 a\u00f0 s\u00fdna eina s\u00fdningu til styrktar um\u00f6nnunarsj\u00f3\u00f0i \u00c1rna Ibsen \u00ed lok s\u00fdningart\u00edmabilsin. <\/p>\n<p>  <!--more--> {mos_fb_discuss:2} <\/p>","protected":false},"excerpt":{"rendered":"<p>Leikf\u00e9lag Vestmannaeyja er n\u00fa \u00e1 fullu a\u00f0 \u00e6fa Himnar\u00edki eftir \u00c1rna Ibsen, \u00ed leikstj\u00f3rn J\u00f3ns Inga H\u00e1konarsonar \u00deetta er skemmtilegt og krefjandi verk fyrir leikarana en tveir \u00feeirra eru a\u00f0 st\u00edga s\u00edn fyrstu skref \u00e1 svi\u00f0i. \u00c6fingarnar ganga mj\u00f6g vel og er \u00e1\u00e6tla\u00f0 a\u00f0 frums\u00fdna \u00feann 5. apr\u00edl n.k. \u00ed B\u00e6jarleikh\u00fasinu \u00ed Vestmannaeyjum. Einnig er [&hellip;]<\/p>\n","protected":false},"author":3,"featured_media":1281,"comment_status":"open","ping_status":"open","sticky":false,"template":"","format":"standard","meta":{"_et_pb_use_builder":"","_et_pb_old_content":"","_et_gb_content_width":"","footnotes":""},"categories":[187],"tags":[],"class_list":["post-1282","post","type-post","status-publish","format-standard","has-post-thumbnail","hentry","category-allar-frir","et-has-post-format-content","et_post_format-et-post-format-standard"],"_links":{"self":[{"href":"https:\/\/leiklist.is\/en\/wp-json\/wp\/v2\/posts\/1282","targetHints":{"allow":["GET"]}}],"collection":[{"href":"https:\/\/leiklist.is\/en\/wp-json\/wp\/v2\/posts"}],"about":[{"href":"https:\/\/leiklist.is\/en\/wp-json\/wp\/v2\/types\/post"}],"author":[{"embeddable":true,"href":"https:\/\/leiklist.is\/en\/wp-json\/wp\/v2\/users\/3"}],"replies":[{"embeddable":true,"href":"https:\/\/leiklist.is\/en\/wp-json\/wp\/v2\/comments?post=1282"}],"version-history":[{"count":0,"href":"https:\/\/leiklist.is\/en\/wp-json\/wp\/v2\/posts\/1282\/revisions"}],"wp:featuredmedia":[{"embeddable":true,"href":"https:\/\/leiklist.is\/en\/wp-json\/"}],"wp:attachment":[{"href":"https:\/\/leiklist.is\/en\/wp-json\/wp\/v2\/media?parent=1282"}],"wp:term":[{"taxonomy":"category","embeddable":true,"href":"https:\/\/leiklist.is\/en\/wp-json\/wp\/v2\/categories?post=1282"},{"taxonomy":"post_tag","embeddable":true,"href":"https:\/\/leiklist.is\/en\/wp-json\/wp\/v2\/tags?post=1282"}],"curies":[{"name":"wp","href":"https:\/\/api.w.org\/{rel}","templated":true}]}}