{"id":1280,"date":"2007-03-13T08:29:12","date_gmt":"2007-03-13T08:29:12","guid":{"rendered":"http:\/\/wp.leiklist.is\/?p=1280"},"modified":"2020-03-02T10:16:26","modified_gmt":"2020-03-02T10:16:26","slug":"masterclass-og-raddbeitingu","status":"publish","type":"post","link":"https:\/\/leiklist.is\/en\/masterclass-og-raddbeitingu\/","title":{"rendered":"Masterclass \u00ed s\u00f6ng og raddbeitingu"},"content":{"rendered":"<p> Leikf\u00e9lag Selfoss b\u00fd\u00f0ur upp \u00e1 \u00e1hugavert s\u00f6ng- og raddbeitingarn\u00e1mskei\u00f0 dagana 14.-15. apr\u00edl \u00ed Litla leikh\u00fasinu vi\u00f0 Sigt\u00fan. Kennari ver\u00f0ur Kristjana Stef\u00e1nsd\u00f3ttir, djasss\u00f6ngkona og s\u00f6ngkennari, en Kristjana kennir s\u00f6ng vi\u00f0 F\u00cdH, \u00e1samt \u00fev\u00ed sem h\u00fan hefur unni\u00f0 vi\u00f0 radd\u00fej\u00e1lfun leikara b\u00e6\u00f0i \u00ed Borgarleikh\u00fasinu og \u00dej\u00f3\u00f0leikh\u00fasinu. N\u00fana s\u00ed\u00f0ast vann h\u00fan vi\u00f0 radd\u00fej\u00e1lfun \u00ed s\u00f6nleiknum Leg, sem n\u00fdlega var frums\u00fdndur \u00ed \u00dej\u00f3\u00f0leikh\u00fasinu. Einnig hefur h\u00fan s\u00e9\u00f0 um s\u00f6ng\u00fej\u00e1lfun \u00ed X-Factor og Idol sj\u00f3nvarps\u00fe\u00e1ttunum vins\u00e6lu.<\/p>\n<p> Kristjana sty\u00f0st vi\u00f0 Complete Vocal t\u00e6knina fr\u00e1 Catrine Sadolin, einum virtasta radds\u00e9rfr\u00e6\u00f0ingi \u00ed heimi.<br \/> N\u00e1mskei\u00f0i\u00f0 ver\u00f0ur me\u00f0 svok\u00f6llu\u00f0u masterclass formi, \u00fe.e. h\u00e6gt ver\u00f0ur a\u00f0 skr\u00e1 sig sem virkan nemanda, sem felur \u00ed s\u00e9r a\u00f0 fara upp \u00e1 svi\u00f0 og f\u00e1 beina kennslu hj\u00e1 Kristj\u00f6nu, en einnig geta \u00e1hugasamir skr\u00e1\u00f0 sig sem \u00e1heyrnarnemanda og fylgst me\u00f0 kennslu og fyrirlestrum.<br \/> Me\u00f0 Kristj\u00f6nu \u00e1 n\u00e1mskei\u00f0inu ver\u00f0ur p\u00edan\u00f3leikarinn Agnar M\u00e1r Magn\u00fasson, sem sj\u00e1 mun um undirleik og mun einnig spjalla og fr\u00e6\u00f0a nemendur um samskipti s\u00f6ngvara og undirleikara.<\/p>\n<p>  <!--more--> N\u00e1mskei\u00f0sl\u00fdsing: Kennt ver\u00f0ur 2 daga \u00ed r\u00f6\u00f0 fr\u00e1 klukkan 10:00-16:00 me\u00f0 1 klst. matarhl\u00e9i.<br \/> Dagur 1.<br \/> Fyrirlestur um s\u00f6ngt\u00e6kni og a\u00f0fer\u00f0ir vi\u00f0 s\u00f6ng og tal (1-2 klst).<br \/> Eftir \u00fea\u00f0 koma nemendur upp einn af \u00f6\u00f0rum og syngja og\/e\u00f0a tala og unni\u00f0 ver\u00f0ur me\u00f0 t\u00e6knilegum, ritmalegum e\u00f0a \u00e1 st\u00edl vandam\u00e1lum.<\/p>\n<p> Dagur 2.<br \/> Byrja\u00f0 a\u00f0 syngja bl\u00fas e\u00f0a eitthva\u00f0 skemmtilegt til a\u00f0 hrista li\u00f0i\u00f0 saman. T\u00e6knin a\u00f0eins rifju\u00f0 upp og svo unni\u00f0 me\u00f0 alla nemendur aftur. \u00deeir mega vera me\u00f0 sama lagi\u00f0 e\u00f0a koma me\u00f0 n\u00fdtt.<br \/> Virkir nemendur eiga a\u00f0 koma me\u00f0 eitt lag me\u00f0 s\u00e9r sem unni\u00f0 ver\u00f0ur me\u00f0, en einnig er h\u00e6gt a\u00f0 bi\u00f0ja um a\u00f0sto\u00f0 vi\u00f0 raddbeitingu, eins og a\u00f0 \u00f6skra \u00e1 svi\u00f0 og fleira \u00ed \u00feeim d\u00far.<\/p>\n<p> Pl\u00e1ss er fyrir 15 virka nemendur og svo geta veri\u00f0 eins<br \/> margir \u00e1heyrnarnemendur og h\u00fasr\u00fam leyfir.<\/p>\n<p> N\u00e1mskei\u00f0sgjald er kr.12.000 sem virkur nemandi og kr. 3.000 fyrir stakan dag \u00ed \u00e1heyrn en 4.000 fyrir b\u00e1\u00f0a dagana.<\/p>\n<p> \u00deeir sem hafa \u00e1huga geta skr\u00e1\u00f0 sig hj\u00e1 Gu\u00f0finnu Gunnarsd\u00f3ttir, formanni Leikf\u00e9lags Selfoss, \u00ed s\u00edma 8921805 e\u00f0a \u00e1 netfangi\u00f0 krullupinni@gmail.com fyrir 31 mars. <\/p>","protected":false},"excerpt":{"rendered":"<p>Leikf\u00e9lag Selfoss b\u00fd\u00f0ur upp \u00e1 \u00e1hugavert s\u00f6ng- og raddbeitingarn\u00e1mskei\u00f0 dagana 14.-15. apr\u00edl \u00ed Litla leikh\u00fasinu vi\u00f0 Sigt\u00fan. Kennari ver\u00f0ur Kristjana Stef\u00e1nsd\u00f3ttir, djasss\u00f6ngkona og s\u00f6ngkennari, en Kristjana kennir s\u00f6ng vi\u00f0 F\u00cdH, \u00e1samt \u00fev\u00ed sem h\u00fan hefur unni\u00f0 vi\u00f0 radd\u00fej\u00e1lfun leikara b\u00e6\u00f0i \u00ed Borgarleikh\u00fasinu og \u00dej\u00f3\u00f0leikh\u00fasinu. N\u00fana s\u00ed\u00f0ast vann h\u00fan vi\u00f0 radd\u00fej\u00e1lfun \u00ed s\u00f6nleiknum Leg, sem n\u00fdlega [&hellip;]<\/p>\n","protected":false},"author":3,"featured_media":1279,"comment_status":"open","ping_status":"open","sticky":false,"template":"","format":"standard","meta":{"_et_pb_use_builder":"","_et_pb_old_content":"","_et_gb_content_width":"","footnotes":""},"categories":[200],"tags":[],"class_list":["post-1280","post","type-post","status-publish","format-standard","has-post-thumbnail","hentry","category-markvert","et-has-post-format-content","et_post_format-et-post-format-standard"],"_links":{"self":[{"href":"https:\/\/leiklist.is\/en\/wp-json\/wp\/v2\/posts\/1280","targetHints":{"allow":["GET"]}}],"collection":[{"href":"https:\/\/leiklist.is\/en\/wp-json\/wp\/v2\/posts"}],"about":[{"href":"https:\/\/leiklist.is\/en\/wp-json\/wp\/v2\/types\/post"}],"author":[{"embeddable":true,"href":"https:\/\/leiklist.is\/en\/wp-json\/wp\/v2\/users\/3"}],"replies":[{"embeddable":true,"href":"https:\/\/leiklist.is\/en\/wp-json\/wp\/v2\/comments?post=1280"}],"version-history":[{"count":0,"href":"https:\/\/leiklist.is\/en\/wp-json\/wp\/v2\/posts\/1280\/revisions"}],"wp:featuredmedia":[{"embeddable":true,"href":"https:\/\/leiklist.is\/en\/wp-json\/"}],"wp:attachment":[{"href":"https:\/\/leiklist.is\/en\/wp-json\/wp\/v2\/media?parent=1280"}],"wp:term":[{"taxonomy":"category","embeddable":true,"href":"https:\/\/leiklist.is\/en\/wp-json\/wp\/v2\/categories?post=1280"},{"taxonomy":"post_tag","embeddable":true,"href":"https:\/\/leiklist.is\/en\/wp-json\/wp\/v2\/tags?post=1280"}],"curies":[{"name":"wp","href":"https:\/\/api.w.org\/{rel}","templated":true}]}}