{"id":12642,"date":"2019-08-01T11:04:35","date_gmt":"2019-08-01T11:04:35","guid":{"rendered":"https:\/\/leiklist.is\/?p=12642"},"modified":"2020-03-04T15:14:16","modified_gmt":"2020-03-04T15:14:16","slug":"sannleikur-a-svidi","status":"publish","type":"post","link":"https:\/\/leiklist.is\/en\/sannleikur-a-svidi\/","title":{"rendered":"Sannleikur \u00e1 svi\u00f0i"},"content":{"rendered":"<p>Svi\u00f0slistah\u00f3purinn Fl\u00e6kja b\u00fd\u00f0ur \u00feriggja daga leiklistarn\u00e1mskei\u00f0 sem er hugsa\u00f0 fyrir \u00fe\u00e1 sem langar a\u00f0 b\u00e6ta vi\u00f0 sig t\u00e6knilegri \u00feekkingu \u00ed leiklist. N\u00e1mskei\u00f0i\u00f0 hentar b\u00e6\u00f0i \u00e1hugaleikurum og \u00feeim sem stefna \u00e1 a\u00f0 leggja leiklist fyrir sig. Fari\u00f0 ver\u00f0ur \u00ed senuvinnu, \u00fear sem \u00fe\u00e1tttakendum er skipt \u00ed p\u00f6r og vinna \u00feau saman me\u00f0 handrit. Markmi\u00f0 n\u00e1mskei\u00f0isins er a\u00f0 \u00fe\u00e1tttakendur tileinki s\u00e9r t\u00e6kni, sem hj\u00e1lpar \u00feeim a\u00f0 vinna me\u00f0 handrit og pers\u00f3nur upp \u00e1 eigin sp\u00fdtur.<\/p>\n<p>Hvernig gerum vi\u00f0 a\u00f0st\u00e6\u00f0ur tr\u00faver\u00f0ugar fyrir okkur sj\u00e1lf sem og \u00e1horfendur?<br \/>\nHvernig n\u00fdtum vi\u00f0 \u00edmyndunarafli\u00f0 \u00ed vinnu okkar?<br \/>\nHvernig lifnar karakterinn vi\u00f0?<\/p>\n<p>N\u00e1nari uppl\u00fdsingar og skr\u00e1ning \u00e1\u00a0<a href=\"https:\/\/www.flaekja.com\/leiklistarnamskeid\">https:\/\/www.flaekja.com\/leiklistarnamskeid.<\/a><\/p>","protected":false},"excerpt":{"rendered":"<p>Svi\u00f0slistah\u00f3purinn Fl\u00e6kja b\u00fd\u00f0ur \u00feriggja daga leiklistarn\u00e1mskei\u00f0 sem er hugsa\u00f0 fyrir \u00fe\u00e1 sem langar a\u00f0 b\u00e6ta vi\u00f0 sig t\u00e6knilegri \u00feekkingu \u00ed leiklist. N\u00e1mskei\u00f0i\u00f0 hentar b\u00e6\u00f0i \u00e1hugaleikurum og \u00feeim sem stefna \u00e1 a\u00f0 leggja leiklist fyrir sig. Fari\u00f0 ver\u00f0ur \u00ed senuvinnu, \u00fear sem \u00fe\u00e1tttakendum er skipt \u00ed p\u00f6r og vinna \u00feau saman me\u00f0 handrit. Markmi\u00f0 n\u00e1mskei\u00f0isins er [&hellip;]<\/p>\n","protected":false},"author":3,"featured_media":20794,"comment_status":"closed","ping_status":"closed","sticky":false,"template":"","format":"standard","meta":{"_et_pb_use_builder":"","_et_pb_old_content":"","_et_gb_content_width":"","footnotes":""},"categories":[187,200,229,213],"tags":[],"class_list":["post-12642","post","type-post","status-publish","format-standard","has-post-thumbnail","hentry","category-allar-frir","category-markvert","category-nam-og-namskeid","category-vikupostur","et-has-post-format-content","et_post_format-et-post-format-standard"],"_links":{"self":[{"href":"https:\/\/leiklist.is\/en\/wp-json\/wp\/v2\/posts\/12642","targetHints":{"allow":["GET"]}}],"collection":[{"href":"https:\/\/leiklist.is\/en\/wp-json\/wp\/v2\/posts"}],"about":[{"href":"https:\/\/leiklist.is\/en\/wp-json\/wp\/v2\/types\/post"}],"author":[{"embeddable":true,"href":"https:\/\/leiklist.is\/en\/wp-json\/wp\/v2\/users\/3"}],"replies":[{"embeddable":true,"href":"https:\/\/leiklist.is\/en\/wp-json\/wp\/v2\/comments?post=12642"}],"version-history":[{"count":0,"href":"https:\/\/leiklist.is\/en\/wp-json\/wp\/v2\/posts\/12642\/revisions"}],"wp:featuredmedia":[{"embeddable":true,"href":"https:\/\/leiklist.is\/en\/wp-json\/wp\/v2\/media\/20794"}],"wp:attachment":[{"href":"https:\/\/leiklist.is\/en\/wp-json\/wp\/v2\/media?parent=12642"}],"wp:term":[{"taxonomy":"category","embeddable":true,"href":"https:\/\/leiklist.is\/en\/wp-json\/wp\/v2\/categories?post=12642"},{"taxonomy":"post_tag","embeddable":true,"href":"https:\/\/leiklist.is\/en\/wp-json\/wp\/v2\/tags?post=12642"}],"curies":[{"name":"wp","href":"https:\/\/api.w.org\/{rel}","templated":true}]}}