{"id":12501,"date":"2019-06-25T12:14:23","date_gmt":"2019-06-25T12:14:23","guid":{"rendered":"https:\/\/leiklist.is\/?p=12501"},"modified":"2020-03-02T10:03:03","modified_gmt":"2020-03-02T10:03:03","slug":"leikstjori-oskast-i-eyjum","status":"publish","type":"post","link":"https:\/\/leiklist.is\/en\/leikstjori-oskast-i-eyjum\/","title":{"rendered":"Leikstj\u00f3ri \u00f3skast \u00ed Eyjum"},"content":{"rendered":"<p>Leikf\u00e9lag Vestmannaeyja augl\u00fdsir eftir leikstj\u00f3ra fyrir barnaleikrit sem f\u00e9lagi\u00f0 hyggst setja upp n\u00fa \u00ed haust.&nbsp;\u00c6fingar fyrir verki\u00f0 hefjast \u00ed byrjun september.<\/p>\n<div>Ums\u00f3knir \u00e1samt ferilskr\u00e1 sendast \u00e1 netfangi\u00f0 <a href=\"mailto:leikfelagve@outlook.com\">leikfelagve@outlook.com<\/a> fyrir 10.j\u00fal\u00ed.&nbsp;<\/div>\n<div>Myndin a\u00f0 ofan er \u00far s\u00fdningu f\u00e9lagsins \u00e1 Klaufum og k\u00f3ngsd\u00e6trum.&nbsp;<\/div>\n<p>&nbsp;<\/p>","protected":false},"excerpt":{"rendered":"<p>Leikf\u00e9lag Vestmannaeyja augl\u00fdsir eftir leikstj\u00f3ra fyrir barnaleikrit sem f\u00e9lagi\u00f0 hyggst setja upp n\u00fa \u00ed haust.&nbsp;\u00c6fingar fyrir verki\u00f0 hefjast \u00ed byrjun september. Ums\u00f3knir \u00e1samt ferilskr\u00e1 sendast \u00e1 netfangi\u00f0 leikfelagve@outlook.com fyrir 10.j\u00fal\u00ed.&nbsp; Myndin a\u00f0 ofan er \u00far s\u00fdningu f\u00e9lagsins \u00e1 Klaufum og k\u00f3ngsd\u00e6trum.&nbsp; &nbsp;<\/p>","protected":false},"author":3,"featured_media":12504,"comment_status":"closed","ping_status":"closed","sticky":false,"template":"","format":"standard","meta":{"_et_pb_use_builder":"","_et_pb_old_content":"","_et_gb_content_width":"","footnotes":""},"categories":[187,213],"tags":[],"class_list":["post-12501","post","type-post","status-publish","format-standard","has-post-thumbnail","hentry","category-allar-frir","category-vikupostur","et-has-post-format-content","et_post_format-et-post-format-standard"],"_links":{"self":[{"href":"https:\/\/leiklist.is\/en\/wp-json\/wp\/v2\/posts\/12501","targetHints":{"allow":["GET"]}}],"collection":[{"href":"https:\/\/leiklist.is\/en\/wp-json\/wp\/v2\/posts"}],"about":[{"href":"https:\/\/leiklist.is\/en\/wp-json\/wp\/v2\/types\/post"}],"author":[{"embeddable":true,"href":"https:\/\/leiklist.is\/en\/wp-json\/wp\/v2\/users\/3"}],"replies":[{"embeddable":true,"href":"https:\/\/leiklist.is\/en\/wp-json\/wp\/v2\/comments?post=12501"}],"version-history":[{"count":0,"href":"https:\/\/leiklist.is\/en\/wp-json\/wp\/v2\/posts\/12501\/revisions"}],"wp:featuredmedia":[{"embeddable":true,"href":"https:\/\/leiklist.is\/en\/wp-json\/"}],"wp:attachment":[{"href":"https:\/\/leiklist.is\/en\/wp-json\/wp\/v2\/media?parent=12501"}],"wp:term":[{"taxonomy":"category","embeddable":true,"href":"https:\/\/leiklist.is\/en\/wp-json\/wp\/v2\/categories?post=12501"},{"taxonomy":"post_tag","embeddable":true,"href":"https:\/\/leiklist.is\/en\/wp-json\/wp\/v2\/tags?post=12501"}],"curies":[{"name":"wp","href":"https:\/\/api.w.org\/{rel}","templated":true}]}}