{"id":12183,"date":"2019-05-28T14:51:36","date_gmt":"2019-05-28T14:51:36","guid":{"rendered":"https:\/\/leiklist.is\/?p=12183"},"modified":"2020-03-02T10:03:03","modified_gmt":"2020-03-02T10:03:03","slug":"leiklist-tonlist-og-joga","status":"publish","type":"post","link":"https:\/\/leiklist.is\/en\/leiklist-tonlist-og-joga\/","title":{"rendered":"Leiklist, t\u00f3nlist og j\u00f3ga"},"content":{"rendered":"<p>\u00cd sumar munu \u00ferj\u00e1r afar \u00f3l\u00edkar og skapandi konur halda n\u00e1mskei\u00f0 fyrir krakka \u00e1 aldrinum 6-10 \u00e1ra sem inniheldur skemmtilega bl\u00f6ndu af j\u00f3ga, t\u00f3nlist og leiklist.<br \/>\n\u00de\u00e6r heita Gu\u00f0r\u00fan Bjarnad\u00f3ttir leikkona, Arnd\u00eds Hrei\u00f0arsd\u00f3ttir (D\u00edsa) t\u00f3nsk\u00e1ld\/ t\u00f3nlistarkona og Eyd\u00eds Eir Brynju- Bj\u00f6rnsd\u00f3ttir kvikmyndager\u00f0akona og j\u00f3gakennari.<\/p>\n<p>N\u00e1mskei\u00f0i\u00f0 fer fram \u00ed sumar og fyrsta n\u00e1mskei\u00f0i\u00f0 er fr\u00e1 18-21. j\u00fan\u00ed og enn nokkur laus pl\u00e1ss.<br \/>\nN\u00e6stu n\u00e1mskei\u00f0 fara fram \u00ed j\u00fal\u00ed og \u00e1g\u00fast en um er a\u00f0 r\u00e6\u00f0a 4-5 daga n\u00e1mskei\u00f0, \u00ferj\u00e1 t\u00edma \u00ed senn.<\/p>\n<p>N\u00e1nari uppl\u00fdsingar er a\u00f0 finna \u00e1:<br \/>\n<a href=\"http:\/\/yogadis.is\/skapandi-krakkar\/\">yogadis.is\/skapandi-krakkar\/<\/a><br \/>\n<a href=\"http:\/\/www.facebook.com\/skapandikrakkar\">facebook.com\/skapandikrakkar<\/a><br \/>\nSendi\u00f0 p\u00f3st \u00e1 <a href=\"mailto:skapandikrakkar@gmail.com\">skapandikrakkar@gmail.com<\/a> fyrir frekari uppl\u00fdsingar e\u00f0a hringi\u00f0 \u00ed s\u00edma 787 6636.<\/p>","protected":false},"excerpt":{"rendered":"<p>\u00cd sumar munu \u00ferj\u00e1r afar \u00f3l\u00edkar og skapandi konur halda n\u00e1mskei\u00f0 fyrir krakka \u00e1 aldrinum 6-10 \u00e1ra sem inniheldur skemmtilega bl\u00f6ndu af j\u00f3ga, t\u00f3nlist og leiklist. \u00de\u00e6r heita Gu\u00f0r\u00fan Bjarnad\u00f3ttir leikkona, Arnd\u00eds Hrei\u00f0arsd\u00f3ttir (D\u00edsa) t\u00f3nsk\u00e1ld\/ t\u00f3nlistarkona og Eyd\u00eds Eir Brynju- Bj\u00f6rnsd\u00f3ttir kvikmyndager\u00f0akona og j\u00f3gakennari. N\u00e1mskei\u00f0i\u00f0 fer fram \u00ed sumar og fyrsta n\u00e1mskei\u00f0i\u00f0 er fr\u00e1 18-21. [&hellip;]<\/p>\n","protected":false},"author":3,"featured_media":12185,"comment_status":"closed","ping_status":"closed","sticky":false,"template":"","format":"standard","meta":{"_et_pb_use_builder":"","_et_pb_old_content":"","_et_gb_content_width":"","footnotes":""},"categories":[187,213],"tags":[],"class_list":["post-12183","post","type-post","status-publish","format-standard","has-post-thumbnail","hentry","category-allar-frir","category-vikupostur","et-has-post-format-content","et_post_format-et-post-format-standard"],"_links":{"self":[{"href":"https:\/\/leiklist.is\/en\/wp-json\/wp\/v2\/posts\/12183","targetHints":{"allow":["GET"]}}],"collection":[{"href":"https:\/\/leiklist.is\/en\/wp-json\/wp\/v2\/posts"}],"about":[{"href":"https:\/\/leiklist.is\/en\/wp-json\/wp\/v2\/types\/post"}],"author":[{"embeddable":true,"href":"https:\/\/leiklist.is\/en\/wp-json\/wp\/v2\/users\/3"}],"replies":[{"embeddable":true,"href":"https:\/\/leiklist.is\/en\/wp-json\/wp\/v2\/comments?post=12183"}],"version-history":[{"count":0,"href":"https:\/\/leiklist.is\/en\/wp-json\/wp\/v2\/posts\/12183\/revisions"}],"wp:featuredmedia":[{"embeddable":true,"href":"https:\/\/leiklist.is\/en\/wp-json\/"}],"wp:attachment":[{"href":"https:\/\/leiklist.is\/en\/wp-json\/wp\/v2\/media?parent=12183"}],"wp:term":[{"taxonomy":"category","embeddable":true,"href":"https:\/\/leiklist.is\/en\/wp-json\/wp\/v2\/categories?post=12183"},{"taxonomy":"post_tag","embeddable":true,"href":"https:\/\/leiklist.is\/en\/wp-json\/wp\/v2\/tags?post=12183"}],"curies":[{"name":"wp","href":"https:\/\/api.w.org\/{rel}","templated":true}]}}