{"id":1217,"date":"2007-02-07T08:15:10","date_gmt":"2007-02-07T08:15:10","guid":{"rendered":"http:\/\/wp.leiklist.is\/?p=1217"},"modified":"2007-02-07T08:15:10","modified_gmt":"2007-02-07T08:15:10","slug":"leikh-sem-farart","status":"publish","type":"post","link":"https:\/\/leiklist.is\/en\/leikh-sem-farart\/","title":{"rendered":"Leikh\u00fasi\u00f0 sem farart\u00e6ki"},"content":{"rendered":"<p>Febr\u00faar er m\u00e1nu\u00f0ur unga f\u00f3lksins \u00ed Borgarleikh\u00fasinu. Mi\u00f0a\u00f0 ver\u00f0ur a\u00f0 \u00fev\u00ed leyfa ungu f\u00f3lki a\u00f0 kynnast leikh\u00fasmi\u00f0linum. Ekki bara koma \u00ed leikh\u00fas og l\u00e1ta skemmta s\u00e9r, heldur kynnast leikh\u00fasinu sem farat\u00e6ki fyrir sko\u00f0anir, tilfinningar og bar\u00e1ttum\u00e1l.<br \/> \u00a0<br \/> Leikh\u00fasi\u00f0 er \u00f6flugur mi\u00f0ill og finnst forr\u00e1\u00f0am\u00f6nnum Borgarleikh\u00fassins \u00fea\u00f0 mikilv\u00e6gt a\u00f0 kynna m\u00f6guleika \u00feess fyrir ungu f\u00f3lki.<br \/>  <!--more--> Borgarleikh\u00fasi\u00f0 hefur bo\u00f0i\u00f0 nemendum \u00feriggja sk\u00f3lastiga til a\u00f0\u00a0 gera verkefni \u00ed leikh\u00fasinu, \u00feetta er grunnsk\u00f3lastig, framhaldssk\u00f3lastig og h\u00e1sk\u00f3lastig. \u00deeir sk\u00f3lar sem taka \u00fe\u00e1tt eru H\u00e1teigssk\u00f3li, Borgarholtssk\u00f3li og leiklistardeild Listah\u00e1sk\u00f3lans.\u00a0 H\u00f3pi fr\u00e1 hverjum sk\u00f3la er bo\u00f0i\u00f0 a\u00f0 koma og kynnast leikh\u00fasinu og \u00a0starfsemi \u00feess, og r\u00e6\u00f0a \u00fear vi\u00f0 listamenn h\u00fassins um leikh\u00fasi\u00f0, m\u00f6guleika \u00feess, \u00e1hrifam\u00e1tt og fj\u00f6lbreytileika. Eftir \u00feessa kynningu vinna h\u00f3parnir \u00fer\u00edr frumsamin verkefni \u00e1 fj\u00f3rum vikum sem s\u00fdnd ver\u00f0a \u00e1 Litla svi\u00f0i Borgarleikh\u00fassins. \u00cd tengslum vi\u00f0 verkefni\u00f0 ver\u00f0ur efnt til \u00f6rleikritasamkeppni fyrir ung leiksk\u00e1ld.<br \/> \u00a0<br \/> \u00c1 morgun 7.febr\u00faar koma h\u00f3parnir saman \u00ed fyrsta sinn og hefja vinnuna og a\u00f0 fj\u00f3rum vikum li\u00f0num e\u00f0a \u00feann 7.mars munu \u00ferj\u00fa n\u00fd verk l\u00edta dagsins lj\u00f3s \u00e1 litla svi\u00f0inu. <\/p>","protected":false},"excerpt":{"rendered":"<p>Febr\u00faar er m\u00e1nu\u00f0ur unga f\u00f3lksins \u00ed Borgarleikh\u00fasinu. Mi\u00f0a\u00f0 ver\u00f0ur a\u00f0 \u00fev\u00ed leyfa ungu f\u00f3lki a\u00f0 kynnast leikh\u00fasmi\u00f0linum. Ekki bara koma \u00ed leikh\u00fas og l\u00e1ta skemmta s\u00e9r, heldur kynnast leikh\u00fasinu sem farat\u00e6ki fyrir sko\u00f0anir, tilfinningar og bar\u00e1ttum\u00e1l. \u00a0 Leikh\u00fasi\u00f0 er \u00f6flugur mi\u00f0ill og finnst forr\u00e1\u00f0am\u00f6nnum Borgarleikh\u00fassins \u00fea\u00f0 mikilv\u00e6gt a\u00f0 kynna m\u00f6guleika \u00feess fyrir ungu f\u00f3lki.<\/p>","protected":false},"author":3,"featured_media":1216,"comment_status":"open","ping_status":"open","sticky":false,"template":"","format":"standard","meta":{"_et_pb_use_builder":"","_et_pb_old_content":"","_et_gb_content_width":"","footnotes":""},"categories":[187],"tags":[],"class_list":["post-1217","post","type-post","status-publish","format-standard","has-post-thumbnail","hentry","category-allar-frir","et-has-post-format-content","et_post_format-et-post-format-standard"],"_links":{"self":[{"href":"https:\/\/leiklist.is\/en\/wp-json\/wp\/v2\/posts\/1217","targetHints":{"allow":["GET"]}}],"collection":[{"href":"https:\/\/leiklist.is\/en\/wp-json\/wp\/v2\/posts"}],"about":[{"href":"https:\/\/leiklist.is\/en\/wp-json\/wp\/v2\/types\/post"}],"author":[{"embeddable":true,"href":"https:\/\/leiklist.is\/en\/wp-json\/wp\/v2\/users\/3"}],"replies":[{"embeddable":true,"href":"https:\/\/leiklist.is\/en\/wp-json\/wp\/v2\/comments?post=1217"}],"version-history":[{"count":0,"href":"https:\/\/leiklist.is\/en\/wp-json\/wp\/v2\/posts\/1217\/revisions"}],"wp:featuredmedia":[{"embeddable":true,"href":"https:\/\/leiklist.is\/en\/wp-json\/"}],"wp:attachment":[{"href":"https:\/\/leiklist.is\/en\/wp-json\/wp\/v2\/media?parent=1217"}],"wp:term":[{"taxonomy":"category","embeddable":true,"href":"https:\/\/leiklist.is\/en\/wp-json\/wp\/v2\/categories?post=1217"},{"taxonomy":"post_tag","embeddable":true,"href":"https:\/\/leiklist.is\/en\/wp-json\/wp\/v2\/tags?post=1217"}],"curies":[{"name":"wp","href":"https:\/\/api.w.org\/{rel}","templated":true}]}}