{"id":12085,"date":"2019-05-15T15:29:34","date_gmt":"2019-05-15T15:29:34","guid":{"rendered":"https:\/\/leiklist.is\/?p=12085"},"modified":"2020-02-27T13:48:53","modified_gmt":"2020-02-27T13:48:53","slug":"harid-i-thjodleikhusinu-14-juni","status":"publish","type":"post","link":"https:\/\/leiklist.is\/en\/harid-i-thjodleikhusinu-14-juni\/","title":{"rendered":"H\u00e1ri\u00f0 \u00ed \u00dej\u00f3\u00f0leikh\u00fasinu 14. j\u00fan\u00ed"},"content":{"rendered":"<p>Athyglisver\u00f0asta \u00e1hugaleiks\u00fdning \u00e1rsins, <strong>H\u00e1ri\u00f0<\/strong> \u00ed flutningi Leikflokks H\u00fana\u00feings vestra ver\u00f0ur s\u00fdnd \u00ed \u00dej\u00f3\u00f0leikh\u00fasinu \u00fe. 14. j\u00fan\u00ed n\u00e6stkomandi. <a href=\"http:\/\/www.leikhusid.is\/syningar\/harid\">Mi\u00f0asala<\/a>\u00a0er hafin \u00e1 vef \u00dej\u00f3\u00f0leikh\u00fassins.<\/p>\n<p>\u00cd ums\u00f6gn d\u00f3mnefndar segir m.a. a\u00f0\u00a0&#8222;&#8230; s\u00fdningin s\u00e9 unnin af miklum metna\u00f0i og hvergi slegi\u00f0 af kr\u00f6fum vi\u00f0 uppf\u00e6rsluna [&#8230;] Leikmynd, b\u00faningar og leikgervi, dansar, t\u00f3nlistarflutningur, l\u00fdsing og hlj\u00f3\u00f0bl\u00f6ndun skapa saman sterka heild. St\u00f3r leikh\u00f3purinn er skipa\u00f0ur h\u00e6fileikaf\u00f3lki sem n\u00fdtur s\u00edn \u00ed botn, og sterkur s\u00f6ngur, leikgle\u00f0i og orka er allsr\u00e1\u00f0andi. Afslappa\u00f0ur leikurinn skilar fr\u00e1s\u00f6gninni \u00e1 einl\u00e6gan og einfaldan m\u00e1ta \u00feannig a\u00f0 h\u00famor og bo\u00f0skapur verksins komast vel til skila.\u201c<\/p>\n","protected":false},"excerpt":{"rendered":"<p>Athyglisver\u00f0asta \u00e1hugaleiks\u00fdning \u00e1rsins, H\u00e1ri\u00f0 \u00ed flutningi Leikflokks H\u00fana\u00feings vestra ver\u00f0ur s\u00fdnd \u00ed \u00dej\u00f3\u00f0leikh\u00fasinu \u00fe. 14. j\u00fan\u00ed n\u00e6stkomandi. Mi\u00f0asala\u00a0er hafin \u00e1 vef \u00dej\u00f3\u00f0leikh\u00fassins. \u00cd ums\u00f6gn d\u00f3mnefndar segir m.a. a\u00f0\u00a0&#8222;&#8230; s\u00fdningin s\u00e9 unnin af miklum metna\u00f0i og hvergi slegi\u00f0 af kr\u00f6fum vi\u00f0 uppf\u00e6rsluna [&#8230;] Leikmynd, b\u00faningar og leikgervi, dansar, t\u00f3nlistarflutningur, l\u00fdsing og hlj\u00f3\u00f0bl\u00f6ndun skapa saman sterka heild. [&hellip;]<\/p>\n","protected":false},"author":3,"featured_media":19990,"comment_status":"closed","ping_status":"closed","sticky":false,"template":"","format":"standard","meta":{"_et_pb_use_builder":"","_et_pb_old_content":"","_et_gb_content_width":"","footnotes":""},"categories":[187,200,213],"tags":[],"class_list":["post-12085","post","type-post","status-publish","format-standard","has-post-thumbnail","hentry","category-allar-frir","category-markvert","category-vikupostur","et-has-post-format-content","et_post_format-et-post-format-standard"],"_links":{"self":[{"href":"https:\/\/leiklist.is\/en\/wp-json\/wp\/v2\/posts\/12085","targetHints":{"allow":["GET"]}}],"collection":[{"href":"https:\/\/leiklist.is\/en\/wp-json\/wp\/v2\/posts"}],"about":[{"href":"https:\/\/leiklist.is\/en\/wp-json\/wp\/v2\/types\/post"}],"author":[{"embeddable":true,"href":"https:\/\/leiklist.is\/en\/wp-json\/wp\/v2\/users\/3"}],"replies":[{"embeddable":true,"href":"https:\/\/leiklist.is\/en\/wp-json\/wp\/v2\/comments?post=12085"}],"version-history":[{"count":0,"href":"https:\/\/leiklist.is\/en\/wp-json\/wp\/v2\/posts\/12085\/revisions"}],"wp:featuredmedia":[{"embeddable":true,"href":"https:\/\/leiklist.is\/en\/wp-json\/wp\/v2\/media\/19990"}],"wp:attachment":[{"href":"https:\/\/leiklist.is\/en\/wp-json\/wp\/v2\/media?parent=12085"}],"wp:term":[{"taxonomy":"category","embeddable":true,"href":"https:\/\/leiklist.is\/en\/wp-json\/wp\/v2\/categories?post=12085"},{"taxonomy":"post_tag","embeddable":true,"href":"https:\/\/leiklist.is\/en\/wp-json\/wp\/v2\/tags?post=12085"}],"curies":[{"name":"wp","href":"https:\/\/api.w.org\/{rel}","templated":true}]}}