{"id":12014,"date":"2019-05-06T09:29:27","date_gmt":"2019-05-06T09:29:27","guid":{"rendered":"https:\/\/leiklist.is\/?p=12014"},"modified":"2020-02-26T14:22:03","modified_gmt":"2020-02-26T14:22:03","slug":"adalfundur-a-husavik-4-mai-2019","status":"publish","type":"post","link":"https:\/\/leiklist.is\/en\/adalfundur-a-husavik-4-mai-2019\/","title":{"rendered":"A\u00f0alfundur \u00e1 H\u00fasav\u00edk 4. ma\u00ed 2019"},"content":{"rendered":"<p><strong>1.<\/strong><\/p>\n<p>Fundarsetning.<br \/>\nKosning 2ja fundarstj\u00f3ra og 2ja fundarritara sem taka \u00feegar til starfa. L\u00f6gm\u00e6ti fundarins kanna\u00f0.<\/p>\n<p>Forma\u00f0ur Bandalagsins, Gu\u00f0finna Gunnarsd\u00f3ttir setti fundinn kl. 9:07. Fundarstj\u00f3rar eru Halla R\u00fan Tryggvad\u00f3ttir og Ben\u00f3n\u00fd Valur Jakobsson fr\u00e1 Leikf\u00e9lagi H\u00fasav\u00edkur. Fundarritarar eru Magn\u00fe\u00f3ra Kristj\u00e1nsd\u00f3ttir og J\u00f3nhei\u00f0ur \u00cdsleifsd\u00f3ttir.<\/p>\n<p>Gu\u00f0finna byrja\u00f0i fundinn \u00e1 \u00fev\u00ed a\u00f0 flytja fundinum kve\u00f0ju fr\u00e1 Leikf\u00e9lagi Sey\u00f0isfjar\u00f0ar en \u00feau \u00e1ttu ekki heimangengt \u00e1 fundinn vegna fr\u00e1falls Lilju Sigur\u00f0ard\u00f3ttur. H\u00fan var virkur f\u00e9lagi og kom \u00e1 m\u00f6rg Bandalags\u00feing. Fundurinn minntist Lilju me\u00f0 stuttri \u00fe\u00f6gn.<\/p>\n<p><strong>2.<\/strong><\/p>\n<p>Kj\u00f6rnefnd<br \/>\nKj\u00f6rnefnd afgrei\u00f0ir kj\u00f6rbr\u00e9f og afhendir atkv\u00e6\u00f0aspj\u00f6ld, sk\u00fdrir st\u00f6\u00f0u m\u00e1la var\u00f0andi stj\u00f3rnarkj\u00f6r og augl\u00fdsir eftir till\u00f6gum.<br \/>\nD\u00fdrleif J\u00f3nsd\u00f3ttir steig \u00ed pontu og augl\u00fdsti eftir kj\u00f6rbr\u00e9fum.<\/p>\n<p><strong>3.<\/strong><\/p>\n<p>Menningarstefna Bandalagsins lesin og r\u00e6dd.<br \/>\nG\u00edsli Bj\u00f6rn Heimisson las menningarstefnu Bandalagsins fyrir fundinn.<\/p>\n<p>MENNINGARSTEFNA BANDALAGS \u00cdSLENSKRA LEIKF\u00c9LAGA<br \/>\nBl\u00f3mleg starfsemi og fj\u00f6ldi leikf\u00e9laga h\u00e9r \u00e1 landi vitnar um a\u00f0 leiklistin er almenningseign. St\u00f3r h\u00f3pur f\u00f3lks, \u00f3h\u00e1\u00f0 aldri, kyni og \u00fej\u00f3\u00f0f\u00e9lagsst\u00f6\u00f0u, n\u00fdtir fr\u00edt\u00edma sinn \u00ed skapandi starf og vinnur saman a\u00f0 leiklist. Bandalag \u00edslenskra leikf\u00e9laga vill vinna a\u00f0 \u00fer\u00f3un og eflingu leiklistar me\u00f0 \u00fev\u00ed a\u00f0:<br \/>\n\u2013 stu\u00f0la a\u00f0 uppbyggingu leiklistarstarfs \u00ed \u00f6llum bygg\u00f0arl\u00f6gum.<br \/>\n\u2013 gera \u00e1hugaf\u00f3lki kleift a\u00f0 afla s\u00e9r menntunar \u00ed listinni og skapa \u00fev\u00ed a\u00f0st\u00f6\u00f0u til a\u00f0 \u00feroskast \u00ed menningarlegu og faglegu tilliti.<br \/>\n\u2013 stu\u00f0la a\u00f0 \u00fev\u00ed a\u00f0 b\u00f6rn og ungingar kynnist leiklist, jafnt sem \u00fe\u00e1tttakendur og \u00e1horfendur.<br \/>\n\u2013 starfa me\u00f0 atvinnuf\u00f3lki a\u00f0 \u00fev\u00ed markmi\u00f0i a\u00f0 leiklistinni ver\u00f0i \u00e6t\u00ed\u00f0 trygg\u00f0 \u00feroskav\u00e6nleg skilyr\u00f0i.<br \/>\n\u2013 stu\u00f0la a\u00f0 samskiptum og samvinnu leiklistar\u00e1hugaf\u00f3lks \u00e1 norr\u00e6num og al\u00fej\u00f3\u00f0legum vettvangi.<br \/>\n\u2013 hvetja til a\u00f0 listr\u00e6nn metna\u00f0ur og vir\u00f0ing fyrir leiklistinni s\u00e9 lei\u00f0arlj\u00f3s allra \u00e1hugaleikara.<br \/>\n\u2013 halda \u00e1 lofti gildi \u00feeirrar reynslu sem f\u00e6st me\u00f0 samstarfi og \u00ed samneyti vi\u00f0 anna\u00f0 f\u00f3lk.<br \/>\n&nbsp;<\/p>\n<p>H\u00e9r kynntu fundargestir sig.<\/p>\n<p>Kj\u00f6rnefnd \u00f3ska\u00f0i eftir \u00fev\u00ed a\u00f0 f\u00e1 a\u00f0 koma upp og kynna s\u00edn m\u00e1l \u00e1\u00f0ur en dagskr\u00e1 fundarins yr\u00f0i fram haldi\u00f0. Atkv\u00e6\u00f0aspj\u00f6ldum var dreift og stj\u00f3rnarkj\u00f6r kynnt. F\u00f3lk be\u00f0i\u00f0 um a\u00f0 gefa sig fram vi\u00f0 kj\u00f6rnefnd ef \u00fea\u00f0 hef\u00f0i hug \u00e1 a\u00f0 bj\u00f3\u00f0a sig fram \u00ed stj\u00f3rn en um er a\u00f0 r\u00e6\u00f0a tvo a\u00f0almenn og \u00ferj\u00e1 varamenn. Salbj\u00f6rg Engilbertsd\u00f3ttir gengur \u00far varastj\u00f3rn en a\u00f0rir gefa kost \u00e1 s\u00e9r.<\/p>\n<p><strong>4.<\/strong><\/p>\n<p>Sta\u00f0fest inntaka n\u00fdrra f\u00e9laga, f\u00e9l\u00f6g tekin af f\u00e9lagaskr\u00e1.<\/p>\n<p>Leikdeild Umf. Stafholtstungna \u00f3ska\u00f0i eftir \u00fev\u00ed a\u00f0 ganga \u00ed Bandalagi\u00f0 og f\u00e9kk j\u00e1kv\u00e6tt svar og er \u00fev\u00ed komin inn \u00ed Bandalagi\u00f0. Eru \u00feau bo\u00f0in velkomin. Leikf\u00e9lag Hvammstanga og Leikdeild Grettis sameinu\u00f0ust \u00ed eina s\u00e6ng og \u00far var\u00f0 Leikflokkur H\u00fana\u00feings vestra.<\/p>\n<p><strong>5.<\/strong><\/p>\n<p>Fundarger\u00f0 s\u00ed\u00f0asta a\u00f0alfundar afgreidd.<\/p>\n<p>Fundarger\u00f0 s\u00ed\u00f0asta a\u00f0alfundar sam\u00feykkt.<\/p>\n<p><strong>6.<\/strong><\/p>\n<p>Sk\u00fdrsla stj\u00f3rnar<\/p>\n<p>Gu\u00f0finna Gunnarsd\u00f3ttir forma\u00f0ur Bandalagsins flutti sk\u00fdrslu stj\u00f3rnar.<\/p>\n<p>Sk\u00fdrsla stj\u00f3rnar Bandalags \u00edslenskra leikf\u00e9laga Flutt \u00e1 a\u00f0alfundi \u00e1 H\u00fasav\u00edk 4. ma\u00ed 2019<br \/>\n\u00c1 starfs\u00e1rinu skipu\u00f0u stj\u00f3rn \u00feau:<br \/>\nGu\u00f0finna Gunnarsd\u00f3ttir, Selfossi, forma\u00f0ur<br \/>\n\u00d3l\u00f6f \u00de\u00f3r\u00f0ard\u00f3ttir, Mosfellsb\u00e6, varaforma\u00f0ur\u2028 \u00der\u00e1inn Sigvaldason, H\u00f6rg\u00e1rdal, ritari<br \/>\nAnna Mar\u00eda Hj\u00e1lmarsd\u00f3ttir, Akureyri, me\u00f0stj\u00f3rnandi\u2028 G\u00edsli Bj\u00f6rn Heimisson, Reykjav\u00edk, me\u00f0stj\u00f3rnandi.<br \/>\n\u00cd varastj\u00f3rn s\u00e1tu:<br \/>\n\u00der\u00fa\u00f0ur Sigur\u00f0ard\u00f3ttir, Salbj\u00f6rg Engilbertsd\u00f3ttir, Embla Gu\u00f0mundsd\u00f3ttir, Sigr\u00ed\u00f0ur Hafsteinsd\u00f3ttir og Magn\u00fe\u00f3ra Kristj\u00e1nsd\u00f3ttir.<br \/>\nFramkv\u00e6mdastj\u00f3ri \u00ed \u00dej\u00f3nustumi\u00f0st\u00f6\u00f0 fram a\u00f0 \u00e1ram\u00f3tum var Vilborg Valgar\u00f0sd\u00f3ttir og n\u00fdr framkv\u00e6mdastj\u00f3ri, H\u00f6r\u00f0ur Sigur\u00f0arson, h\u00f3f st\u00f6rf \u00ed jan\u00faar 2019.<br \/>\nStj\u00f3rn h\u00e9lt sex starfsfundi \u00e1 \u00e1rinu. Einn a\u00f0 afloknum a\u00f0alfundi \u00ed Logalandi, fj\u00f3ra \u00ed \u00fej\u00f3nustumi\u00f0st\u00f6\u00f0 okkar \u00ed Reykjav\u00edk og \u00feann s\u00ed\u00f0asta h\u00e9r \u00ed H\u00fasav\u00edk \u00ed g\u00e6r. Fjarfundarb\u00fana\u00f0ur var nota\u00f0ur endrum og sinnum me\u00f0 g\u00f3\u00f0um \u00e1rangri \u00feegar ritari vor \u00der\u00e1inn og me\u00f0stj\u00f3rnandi Anna Mar\u00eda \u00e1ttu ekki heimangengt nor\u00f0an\u00edfr\u00e1. Einnig hefur mj\u00f6g skemmtilegur f\u00e9sb\u00f3karh\u00f3pur okkar stj\u00f3rnarmanna veri\u00f0 n\u00fdttur til g\u00f3\u00f0ra samskipta stj\u00f3rnarmanna \u00e1ri\u00f0 um kring.<br \/>\nEr stj\u00f3rn \u00fe\u00f6kku\u00f0 g\u00f3\u00f0 samvinna \u00e1 \u00e1rinu. Vilborgu f\u00e1um vi\u00f0 ekki full\u00feakka\u00f0, aldrei, en h\u00fan hefur reynst okkur og Her\u00f0i vel \u00ed \u00feeirri a\u00f0l\u00f6gun sem n\u00fa stendur yfir. Her\u00f0i er einnig \u00feakka\u00f0 g\u00e6fulegt upphaf \u00e1 vonandi g\u00f3\u00f0ri samvinnu.<\/p>\n<p>II. Starfsemi f\u00e9laganna<br \/>\n28 a\u00f0ildarf\u00e9l\u00f6g Bandalagsins sendu inn styrkums\u00f3knir fyrir alls 47 leiks\u00fdningar og leik\u00fe\u00e6tti, 17 n\u00e1mskei\u00f0 og 30 sk\u00f3lanemendur fyrir leik\u00e1ri\u00f0 2017-2018. Fullur styrkur reyndist vera 438.673 kr\u00f3nur. \u00c1rsriti\u00f0 okkar inniheldur allar frekari uppl\u00fdsingar um starfsemina. Ekki liggja fyrir t\u00f6lur um umfang starfsins \u00e1 \u00feessu leik\u00e1ri en engin \u00e1st\u00e6\u00f0a til a\u00f0 \u00e6tla anna\u00f0 en \u00fea\u00f0 s\u00e9 svipa\u00f0 og veri\u00f0 hefur. F\u00e9l\u00f6gin \u00ed Bandalaginu eru n\u00fa 48 talsins.<\/p>\n<p>III. Starfs\u00e1\u00e6tlun<br \/>\n\u00c1 s\u00ed\u00f0asta a\u00f0alfundi var a\u00f0 venju sam\u00feykkt starfs\u00e1\u00e6tlun og og ver\u00f0ur n\u00fa fari\u00f0 yfir hana og sagt fr\u00e1 hva\u00f0 gert var til a\u00f0 efna einstaka li\u00f0i hennar.<\/p>\n<p>Rekstur \u00fej\u00f3nustumi\u00f0st\u00f6\u00f0var, Leiklistarsk\u00f3la, Leiklistarvefsins og annarra fastra li\u00f0a \u00ed starfseminni.<br \/>\nRekstur \u00fej\u00f3nustumi\u00f0st\u00f6\u00f0var er alltaf \u00ed j\u00e1rnum og engin breyting \u00e1 \u00fev\u00ed \u00e1standi \u00ed sj\u00f3nm\u00e1li. Vi\u00f0b\u00f3tarstyrkur a\u00f0ildarf\u00e9laganna sem sam\u00feykktur var \u00e1 s\u00ed\u00f0asta a\u00f0alfundi ger\u00f0i g\u00e6fumuninn fyrir starfs\u00e1ri\u00f0 eins og sj\u00e1st mun \u00e1 reikningum sem kynntir ver\u00f0a h\u00e9r \u00e1 eftir.<br \/>\nLeiklistarvefurinn er enn okkar skilvirkasta t\u00e6ki til uppl\u00fdsingagjafar og samskipta vi\u00f0 f\u00e9l\u00f6gin og a\u00f0ra sem n\u00fdta s\u00e9r \u00fej\u00f3nustu okkar. Fr\u00e9ttir af s\u00fdningum a\u00f0ildarf\u00e9laganna eru st\u00e6rsta fr\u00e9ttaefni\u00f0 \u00e1 vefnum en einnig er eitthva\u00f0 um almennar leiklistarfr\u00e9ttir. Enn er allt of algengt a\u00f0 f\u00e9l\u00f6gin hafi ekki frumkv\u00e6\u00f0i a\u00f0 \u00fev\u00ed a\u00f0 senda fr\u00e9ttir og myndir af frums\u00fdningum og \u00f6\u00f0rum vi\u00f0bur\u00f0um heldur \u00feurfi a\u00f0 s\u00e6kja \u00fea\u00f0 til \u00feeirra. T\u00f6luver\u00f0 vinna hefur \u00e1tt s\u00e9r sta\u00f0 \u00ed skr\u00e1ningum \u00e1 leikritasafni undanfari\u00f0 en \u00fea\u00f0 er mikilv\u00e6gt eil\u00edf\u00f0arstarf. Annars eru engin st\u00f3rt\u00ed\u00f0indi af Leiklistarvefnum \u00e1 leik\u00e1rinu sem er a\u00f0 l\u00ed\u00f0a. \u00ddmsar n\u00fdjungar eru \u00fe\u00f3 \u00ed sko\u00f0un og \u00e6ttu a\u00f0 sk\u00fdrast er l\u00ed\u00f0a tekur \u00e1 \u00e1ri\u00f0.<br \/>\nUm sk\u00f3lann mun fulltr\u00fai sk\u00f3lanefndar fjalla \u00ed sinni sk\u00fdrslu. Er sk\u00f3lanefnd og l\u00e9nsherra \u00feakka\u00f0 fyrir fr\u00e1b\u00e6ra vinnu og samstarf \u00e1 \u00e1rinu.Leita eftir h\u00e6kku\u00f0um framl\u00f6gum \u00far opinberum sj\u00f3\u00f0um og fr\u00e1 einkaa\u00f0ilum til starfsemi \u00e1hugaleikf\u00e9laganna og sameiginlegra verkefna.<br \/>\nFramlag til starfsemi \u00e1hugaleikf\u00e9laganna er n\u00fa 18,5 milj. kr. Til \u00fej\u00f3nustumi\u00f0st\u00f6\u00f0varinnar er framlagi\u00f0 6 milj. kr. \u00e1 \u00e1ri samkv\u00e6mt samningi sem vi\u00f0 h\u00f6fum ekki enn\u00fe\u00e1 fengi\u00f0 sem er ferlegt. En vi\u00f0 h\u00f6fum fengi\u00f0 \u00feau skilabo\u00f0 \u00far r\u00e1\u00f0uneytinu a\u00f0 styrkupph\u00e6\u00f0 til \u00fej\u00f3nustumi\u00f0st\u00f6\u00f0var ver\u00f0i \u00f3breytt, 6 millj\u00f3nir \u00e1 \u00e1ri 2019-2021. \u00dea\u00f0 er ekki n\u00f3g og enn h\u00f6fum vi\u00f0 ekki fengi\u00f0 fund me\u00f0 r\u00e1\u00f0herra og ekki fengi\u00f0 nein sv\u00f6r var\u00f0andi bei\u00f0ni okkar um aukafj\u00e1rveitingu vegna framkv\u00e6mdastj\u00f3raskipta. Ef vel \u00e1 a\u00f0 vera og skrifstofan rekin \u00e1fram me\u00f0 sama sni\u00f0i og veri\u00f0 hefur, \u00feyrftum vi\u00f0 a\u00f0 f\u00e1 r\u00edflega h\u00e6kkun \u00e1 samningi og komast upp \u00ed 8.5 millj\u00f3nir \u00e1 \u00e1ri til a\u00f0 halda sj\u00f3.<br \/>\nUndirb\u00faningur a\u00f0 leiklistarh\u00e1t\u00ed\u00f0 \u00ed einhverju formi sem haldin yr\u00f0i \u00ed tengslum vi\u00f0 70 \u00e1ra afm\u00e6li B\u00cdL \u00e1ri\u00f0 2020.<br \/>\nUndirb\u00faningsnefnd skipu\u00f0 \u00feeim \u00d3l\u00f6fu, Vilborgu, Her\u00f0i og Gu\u00f0finnu, settu saman till\u00f6gur a\u00f0 formi \u00e1 leiklistarh\u00e1t\u00ed\u00f0 sem lag\u00f0ar ver\u00f0a fram til umr\u00e6\u00f0na \u00ed h\u00f3pastarfi h\u00e9r \u00e1 fundinum.<\/p>\n<p>IV \u2013 \u00d6nnur m\u00e1l<br \/>\nUppf\u00e6rsla Leikf\u00e9lags Keflav\u00edkur \u00e1 s\u00f6ngleiknum Mystery boy eftir Sm\u00e1ra Gu\u00f0mundsson \u00ed leikstj\u00f3rn J\u00f3els S\u00e6mundssonar var valin Athyglisver\u00f0asta \u00e1hugaleiks\u00fdning leik\u00e1rsins af valnefnd \u00dej\u00f3\u00f0leikh\u00fassins og var h\u00fan s\u00fdnd \u00ed \u00dej\u00f3\u00f0leikh\u00fasinu 24. Ma\u00ed vi\u00f0 g\u00f3\u00f0an or\u00f0st\u00edr. \u00cd \u00e1r eru s\u00fdningarnar 17 fr\u00e1 15 leikf\u00e9l\u00f6gum sem vali\u00f0 ver\u00f0ur milli og mun fulltr\u00fai \u00dej\u00f3\u00f0leikh\u00fassins tilkynna um \u00fea\u00f0 undir bor\u00f0um \u00e1 H\u00fasav\u00edk \u00ed kv\u00f6ld.<br \/>\nAf erlendum vettvangi m\u00e1 geta \u00feess a\u00f0 forma\u00f0ur og framkv\u00e6mdastj\u00f3ri s\u00f3ttu NEATA h\u00e1t\u00ed\u00f0 \u00ed Lith\u00e1en. H\u00e1t\u00ed\u00f0in og umgj\u00f6r\u00f0 hennar var \u00f6ll til fyrirmyndar og voru Lith\u00e1ar mj\u00f6g&nbsp;stoltir af \u00fev\u00ed a\u00f0 halda upp \u00e1 20 \u00e1ra afm\u00e6li NEATA um lei\u00f0, en Lith\u00e1en var einmitt fyrsta \u00fej\u00f3\u00f0in sem h\u00e9lt NEATA h\u00e1t\u00ed\u00f0 \u00e1ri\u00f0 2000.<br \/>\nFulltr\u00fai \u00cdslands \u00e1 h\u00e1t\u00ed\u00f0inni var s\u00fdning Leikf\u00e9lags K\u00f3pavogs \u00e1 Svarta kassanum eftir Hrefnu Fri\u00f0riksd\u00f3ttur \u00ed leikstj\u00f3rn \u00c1g\u00fastu Sk\u00falad\u00f3ttur. Er skemmst fr\u00e1 \u00fev\u00ed a\u00f0 segja a\u00f0 s\u00fdningin vakti mikla a\u00f0d\u00e1un og lukku me\u00f0al \u00e1horfenda og f\u00e9kk h\u00f3purinn allur miki\u00f0 hr\u00f3s fyrir s\u00fdninguna.<br \/>\nB\u00cdL sendi 3 ungmenni \u00e1 NEATA Youth n\u00e1mskei\u00f0 sem haldi\u00f0 var \u00ed tengslum vi\u00f0 h\u00e1t\u00ed\u00f0ina og s\u00fdndi h\u00f3purinn afrakstur n\u00e1mskei\u00f0sins \u00e1 opnunardegi h\u00e1t\u00ed\u00f0arinnar. Ungmennin s\u00e1u svo um a\u00f0 skrifa fr\u00e9ttir \u00ed daglega fr\u00e9ttabla\u00f0i\u00f0 um h\u00e1t\u00ed\u00f0ina og a\u00f0sto\u00f0u\u00f0u leikh\u00f3pana.<br \/>\nA\u00f0 venju fundu\u00f0u fulltr\u00faar allra landana \u00ed NEATA og \u00fear var \u00fdmislegt r\u00e6tt og \u00e1kve\u00f0i\u00f0 um framt\u00ed\u00f0 samstarfsins. N\u00fa eru breyttar a\u00f0st\u00e6\u00f0ur hj\u00e1 NEATA var\u00f0andi IATA. NEATA og \u00f6nnur sv\u00e6\u00f0issamb\u00f6nd eiga ekki lengur s\u00e9rstakan fulltr\u00faa \u00ed stj\u00f3rn al\u00fej\u00f3\u00f0asamtakanna vegna beytinga \u00e1 l\u00f6gum IATA. \u00c1kve\u00f0i\u00f0 var a\u00f0 fjarl\u00e6gja IATA tengingar og nafn \u00far \u00f6llum g\u00f6gnum NEATA \u2013 \u00fe.e. stj\u00f3rnarskr\u00e1 og fleiru, \u00fear sem \u00fea\u00f0 \u00e1 ekki vi\u00f0 lengur.<br \/>\nN\u00e6sta IATA festival 2019 ver\u00f0ur \u00ed New Brunswick, Kanada \u00ed lok \u00e1g\u00fast. Vi\u00f0 sendum ekki fulltr\u00faa \u00feanga\u00f0.<br \/>\n\u00c1kve\u00f0i\u00f0 var a\u00f0 a\u00f0almarkmi\u00f0 NEATA ver\u00f0i a\u00f0 halda sameiginlega h\u00e1t\u00ed\u00f0 \u00e1 tveggja \u00e1ra fresti og mynda \u00feannig og vi\u00f0halda tengslum a\u00f0ildarlandanna \u2013 \u00fea\u00f0 er a\u00f0almarkmi\u00f0 NEATA og breytist ekki. Fjarvera \u00far stj\u00f3rn IATA kemur \u00fev\u00ed ekkert vi\u00f0.<br \/>\nLagt var til a\u00f0 b\u00faa til r\u00f3teringakerfi fyrir stj\u00f3rn NEATA sem virki \u00feannig a\u00f0 forma\u00f0ur ver\u00f0i s\u00e1 sem er a\u00f0 fara a\u00f0 halda festival n\u00e6st og varaforma\u00f0ur ver\u00f0i s\u00e1 sem er n\u00fdb\u00fainn a\u00f0 halda h\u00e1t\u00ed\u00f0. \u00deannig f\u00e6rist \u00feekking og reynsla \u00e1 milli manna.<br \/>\n\u00c1kve\u00f0i\u00f0 a\u00f0 stj\u00f3rn NEATA ver\u00f0i \u00f3breytt n\u00e6sta \u00e1r og h\u00fan \u00e1samt vinnuh\u00f3pi um breytingar \u00e1 stj\u00f3rnarskr\u00e1 NEATA skili af s\u00e9r n\u00e6sta sumar. \u00cd vinnuh\u00f3pnum eru Kristiina Oomer Eistlandi, Noomi Reinert F\u00e6reyjum og Peter Dahn Danm\u00f6rku.<br \/>\nForma\u00f0ur og framkv\u00e6mdastj\u00f3ri voru a\u00f0 vonum mj\u00f6g stoltar af fulltr\u00faum B\u00cdL \u00e1 h\u00e1t\u00ed\u00f0inni. \u00deetta var gott m\u00f3t eins og ma\u00f0urinn sag\u00f0i.<br \/>\nN\u00e6sta NEATA h\u00e1ti\u00f0 ver\u00f0ur haldin \u00ed Eistlandi 2020.<br \/>\nLeikf\u00e9lag Hafnarfjar\u00f0ar f\u00f3r enn \u00e1 n\u00fd \u00e1 flakk me\u00f0 leikriti\u00f0 Ubba k\u00f3ng \u00ed leikstj\u00f3rn \u00c1g\u00fastu Sk\u00falad\u00f3ttur, a\u00f0 \u00feessu sinni \u00e1 h\u00e1t\u00ed\u00f0 \u00ed T\u00e9kklandi.<br \/>\nVi\u00f0 t\u00f3kum \u00fe\u00e1tt \u00ed barnaleiklistarh\u00e1t\u00ed\u00f0inni fyrir b\u00f6rn \u00e1 aldrinum 13-15 \u00e1ra sem nefnist Edered og var haldin \u00ed Toulouse \u00ed Frakklandi \u00ed j\u00fal\u00ed. Vi\u00f0 \u00e1kv\u00e1\u00f0um a\u00f0 taka \u00fe\u00e1tt \u00ed h\u00e1t\u00ed\u00f0inni \u00ed samstarfi vi\u00f0 F\u00e6reyinga. Fr\u00e1 okkur f\u00f3ru 4 b\u00f6rn, 4 b\u00f6rn fr\u00e1 F\u00e6reyjum auk workshopkennara fr\u00e1 F\u00e6reyjum og umsj\u00f3narmanns me\u00f0 h\u00f3pnum fr\u00e1 \u00cdslandi. Krist\u00edn Svanhildur Helgad\u00f3ttir, var umsj\u00f3narma\u00f0ur barnanna og st\u00f3\u00f0 h\u00fan sig fr\u00e1b\u00e6rlega sem og a\u00f0rir fulltr\u00faar okkar \u00e1 h\u00e1t\u00ed\u00f0inni.<br \/>\nN\u00fa liggja fyrir dr\u00f6g a\u00f0 n\u00fdjum svi\u00f0slistal\u00f6gum fr\u00e1 mennta- og menningarm\u00e1lar\u00e1\u00f0uneytinu. Vi\u00f0 sendum inn nokkrar athugasemdir vi\u00f0&nbsp;frumvarpsdr\u00f6gin \u00ed vetur, \u00fear sem okkar hagsmunir og sta\u00f0a var \u00e1r\u00e9ttu\u00f0. Ein a\u00f0al breytingin sem kemur okkur vi\u00f0 er a\u00f0 \u00ed frumvarpinu er lagt til a\u00f0 sett ver\u00f0i \u00e1 f\u00f3t svokalla\u00f0 svi\u00f0slistar\u00e1\u00f0 sem \u00fathluta muni \u00far svi\u00f0slistasj\u00f3\u00f0i til okkar og annara a\u00f0ila.<br \/>\nGengi\u00f0 var fr\u00e1 r\u00e1\u00f0ningu framkv\u00e6mdastj\u00f3ra \u00ed september, en \u00e1kve\u00f0i\u00f0 var a\u00f0 r\u00e1\u00f0a H\u00f6r\u00f0 Sigur\u00f0arson sem h\u00f3f st\u00f6rf 2. jan\u00faar 2019. Vi\u00f0 teljum \u00fea\u00f0 mikinn happafeng fyrir Bandalagi\u00f0 a\u00f0 f\u00e1 hann til starfa og hl\u00f6kkum til samstarfsins.<br \/>\nL\u00e9nsherra kve\u00f0jum vi\u00f0 me\u00f0 virktum og \u00fe\u00f6kkum fyrir \u00f3eigingjarnt starf \u00ed \u00fe\u00e1gu B\u00cdL.<br \/>\nStj\u00f3rn \u00feakkar ennfremur Vilborgu framkv\u00e6mdastj\u00f3ra fyrir fr\u00e1b\u00e6rt samstarf \u00e1 \u00e1rinu.<br \/>\nVi\u00f0 hvetjum ykkur til a\u00f0 fylgjast me\u00f0 fr\u00e9ttum \u00e1 heimas\u00ed\u00f0unni og vera \u00ed sambandi vi\u00f0 okkur \u00ed stj\u00f3rninni e\u00f0a H\u00f6r\u00f0 ef spurningar vakna. Endilega sendi\u00f0 okkur fr\u00e9ttir af starfinu ykkar. Verum dugleg a\u00f0 koma okkar fr\u00e1b\u00e6ra starfi \u00e1 framf\u00e6ri. L\u00e1tum \u00ed okkur heyra. Leikum n\u00fana og svo alltaf meira.<\/p>\n<p><strong>7.<\/strong><\/p>\n<p>Framkv\u00e6mdastj\u00f3ri leggur fram endursko\u00f0a\u00f0a reikninga s\u00ed\u00f0asta \u00e1rs og sk\u00fdrir \u00fe\u00e1.<\/p>\n<p>H\u00f6r\u00f0ur Sigur\u00f0arson framkv\u00e6mdastj\u00f3ri Bandalagsins lag\u00f0i fram reikninga bandalagsins.<\/p>\n<p>Framkv\u00e6mdastj\u00f3ri f\u00f3r yfir rekstrartekjur og -gj\u00f6ld. Tap var \u00e1 rekstrinum upp \u00e1 150.300 kr.<\/p>\n<p>Fari\u00f0 var yfir einstaka rekstarli\u00f0i. T\u00f6lur voru svipa\u00f0ar \u00e1 milli \u00e1ra.<\/p>\n<p>Hagna\u00f0ur \u00e1ri\u00f0 \u00e1 undan var ca. 1,5 millj\u00f3nir \u00feannig a\u00f0 \u00fea\u00f0 er talsver\u00f0 breyting \u00e1 milli \u00e1ra en sk\u00fdrist af \u00fdmsum li\u00f0um. Me\u00f0al annars \u00fe\u00e1ttt\u00f6ku \u00e1 NEATA og fleiri atri\u00f0um.<\/p>\n<p><strong>8.<\/strong><\/p>\n<p>Umr\u00e6\u00f0ur um sk\u00fdrslu stj\u00f3rnar og afgrei\u00f0sla reikninga.<\/p>\n<p>D\u00fdrleif steig \u00ed pontu og l\u00fdsti \u00e1hyggjum s\u00ednum af fj\u00e1rm\u00e1lum Bandalagsins. S\u00e9rstaklega rekstri \u00fej\u00f3nustumi\u00f0st\u00f6\u00f0var. Sag\u00f0i a\u00f0 \u00fea\u00f0 s\u00e9 \u00f3e\u00f0lilegt a\u00f0 styrkurinn hafi ekkert breyst \u00e1 \u00e1ranna r\u00e1s og \u00fea\u00f0 s\u00e9 ekki h\u00e6gt a\u00f0 reka samt\u00f6k \u00e1 styrk sem dugir ekki fyrir launum og launatengdum gj\u00f6ldum eins starfsmanns. Erfitt a\u00f0 reka samt\u00f6k \u00e1 bl\u00f3\u00f0inu\/gufunni.<\/p>\n<p>Gu\u00f0finna steig \u00ed pontu til a\u00f0 svara. Styrkur var l\u00e6kka\u00f0ur \u00ed 5 millj\u00f3nir \u00e1ri\u00f0 2008 og hefur s\u00ed\u00f0an h\u00e6kka\u00f0 \u00ed 6 millj\u00f3nir sem dugir engan veginn og hefur sam\u00feykkt a\u00f0alfundar \u00e1 a\u00f0 veita hluta af styrk peningum leikf\u00e9lagana til \u00fej\u00f3nustumi\u00f0st\u00f6\u00f0var gert g\u00e6fumuninn.<\/p>\n<p>Gu\u00f0finna tala\u00f0i einnig eftir bei\u00f0ni fr\u00e1 fundarstj\u00f3ra um IATA og NEATA og sk\u00fdr\u00f0i hva\u00f0 \u00feessi samt\u00f6k eru og hva\u00f0a \u00fe\u00fd\u00f0ingu okkar a\u00f0ild hefur og a\u00f0 vi\u00f0 komumst ekki alltaf \u00e1 fundi vegna fj\u00e1rhagsst\u00f6\u00f0u Bandalagsins. Fr\u00e1b\u00e6rar h\u00e1t\u00ed\u00f0ir og mikilv\u00e6gt fyrir okkur a\u00f0 taka \u00fe\u00e1tt.&nbsp;Ekki eru lengur fulltr\u00faar fr\u00e1 \u00e1lfusamt\u00f6kunum \u00ed stj\u00f3rn IATA, eftir lagabreytingu \u00ed fyrra \u00ed Monak\u00f3 sem framkv\u00e6mdastj\u00f3ri og forma\u00f0ur s\u00f3ttu, en stj\u00f3rn IATA er kosinn s\u00e9rstaklega.&nbsp;Gu\u00f0finna hvetur alla til a\u00f0 velta fyrir s\u00e9r \u00e1huga \u00e1 a\u00f0 s\u00e6kja um \u00fe\u00e1ttt\u00f6ku \u00e1 NEATA h\u00e1t\u00ed\u00f0 \u00ed Eistlandi sumari\u00f0 2020, h\u00e1t\u00ed\u00f0irnar eru yfirleitt haldnar \u00ed kringum verslunarmannahelgina.<\/p>\n<p>Umr\u00e6\u00f0ur \u00far sal um upplifanir \u00e1 leikritum \u00e1 \u00f6\u00f0ru tungum\u00e1li.<\/p>\n<p>Gu\u00f0finna tala\u00f0i um mikilv\u00e6gi \u00feess a\u00f0 taka \u00fe\u00e1tt \u00ed al\u00fej\u00f3\u00f0legu samstarfi.<\/p>\n<p>Spurning kom \u00far sal um li\u00f0inn \u201cA\u00f0rir styrkir\u201d \u00e1 rekstrarreikningi upp \u00e1 2,5 millj\u00f3nir og svara\u00f0i Gu\u00f0finna \u00fev\u00ed a\u00f0 \u00feetta v\u00e6ri styrkur sem a\u00f0ildarf\u00e9l\u00f6g bandalagsins sam\u00feykktu \u00e1 s\u00ed\u00f0asta fundi a\u00f0 veita af styrk leikf\u00e9lagana til \u00fej\u00f3nustumi\u00f0st\u00f6\u00f0var.<\/p>\n<p><strong>9.<\/strong><\/p>\n<p>Sk\u00fdrslur nefnda og umr\u00e6\u00f0ur um \u00fe\u00e6r.<\/p>\n<p>D\u00fdrleif flutti sk\u00fdrslu sk\u00f3lanefndar.<\/p>\n<p>Sk\u00fdrsla sk\u00f3lanefndar \u00e1 a\u00f0alfundi B\u00cdL 4.-5. ma\u00ed 2019<br \/>\n\u00c1 li\u00f0nu starfs\u00e1ri s\u00e1tu me\u00f0 m\u00e9r \u00ed sk\u00f3lanefnd Hrefna Fri\u00f0riksd\u00f3ttir, Herd\u00eds \u00deorgeirsd\u00f3ttir, Hrund \u00d3lafsd\u00f3ttir og G\u00edsli Bj\u00f6rn Heimisson. Sk\u00f3lanefndin ber sem fyrr h\u00f6fu\u00f0\u00e1byrg\u00f0 \u00e1 a\u00f0 skipuleggja starf leiklistarsk\u00f3la Bandalagsins og fundar reglulega allt \u00e1ri\u00f0. \u00c9g nota \u00feetta t\u00e6kif\u00e6ri til a\u00f0 \u00feakka k\u00e6rlega \u00f6llu samnefndarf\u00f3lki m\u00ednu fyrir metna\u00f0arfullt og skemmtilegt samstarf.<br \/>\nLeiklistarsk\u00f3lann \u00e1ri\u00f0 2018 s\u00f3ttu alls 51 nemendi. Sumari\u00f0 var \u00f3venjulegt \u00fear sem bo\u00f0i\u00f0 var upp \u00e1 fj\u00f6gur n\u00e1mskei\u00f0 \u00ed sta\u00f0 \u00feriggja eins og oftast \u00e1\u00f0ur. N\u00e1mskei\u00f0in voru:<br \/>\n1. Leikritun 1 \u2013 kennari Karl \u00c1g\u00fast \u00dalfsson<br \/>\n2. Master Class \u00ed leikstj\u00f3rn &#8211; kennari R\u00fanar Gu\u00f0brandsson<br \/>\n3. Tr\u00fa\u00f0an\u00e1mskei\u00f0 s\u00e9rnamskei\u00f0 &#8211; kennarar \u00c1g\u00fasta Sk\u00falad\u00f3ttir og Gunnar Bj\u00f6rn Gu\u00f0mundsson.<br \/>\n4. \u00c1 bak vi\u00f0 tj\u00f6ldin \u2013 kennari Eva Bj\u00f6rg Har\u00f0ard\u00f3ttir<br \/>\nNi\u00f0urst\u00f6\u00f0ur vi\u00f0horfsk\u00f6nnunar bentu til mikillar \u00e1n\u00e6gju me\u00f0 sk\u00f3lastarfi\u00f0 og \u00fe\u00f6kkum vi\u00f0 nemendum fyrir \u00e1bendingar um n\u00e1mskei\u00f0 og mun sk\u00f3lanefnd hafa \u00feau til hli\u00f0sj\u00f3nar \u00feegar n\u00e1mskei\u00f0 eru \u00e1kve\u00f0in \u00e1 komandi misserum. S\u00e9rstaklega erum vi\u00f0 a\u00f0 sko\u00f0a framhaldi af n\u00e1mskei\u00f0inu \u00c1 bak vi\u00f0 tj\u00f6ldin og m\u00e1 geta \u00feess a\u00f0 sk\u00f3lanefnd er \u00ed samr\u00e1\u00f0i vi\u00f0 Evu Bj\u00f6rg kennara a\u00f0 finna fl\u00f6t \u00e1 framhaldi \u00e1 n\u00e1mskei\u00f0inu. Hvort \u00fea\u00f0 ver\u00f0ur \u00ed vetur e\u00f0a n\u00e6sta sumar ver\u00f0ur a\u00f0 koma \u00ed lj\u00f3s en \u00e9g fullvissa ykkur um a\u00f0 \u00fea\u00f0 ver\u00f0ur augl\u00fdst vel og r\u00e6kilega \u00feegar \u00fea\u00f0 er lj\u00f3st.<br \/>\n\u00c1ri\u00f0 2019 ver\u00f0ur leiklistarsk\u00f3linn settur \u00ed Reykjask\u00f3la \u00feann 8. j\u00fan\u00ed \u00ed 23. sinn. A\u00f0 \u00feessu sinni ver\u00f0a \u00ferj\u00fa n\u00e1mskei\u00f0 \u00ed bo\u00f0i.<br \/>\nVi\u00f0 bj\u00f3\u00f0um velkomna A\u00f0albj\u00f6rgu \u00c1rnad\u00f3ttur sem kennir hj\u00e1 okkur \u00ed fyrsta sinn og mun taka \u00e1 m\u00f3ti n\u00fdjum nemendah\u00f3pi \u00e1 Leiklist I.<br \/>\nEinnig f\u00f6gnum vi\u00f0 \u00fev\u00ed a\u00f0 f\u00e1 \u00c1rna Kristj\u00e1nsson \u00ed kennarah\u00f3pinn okkar. Hann mun sj\u00e1 um Leikritun II sem er framhald af byrjendan\u00e1mskei\u00f0inu \u00ed leikritun sem Karl \u00c1g\u00fast \u00dalfsson var me\u00f0 \u00ed fyrrasumar.<br \/>\nS\u00e9rn\u00e1mskei\u00f0 \u00ed leiklist fyrir lengra komna ver\u00f0ur \u00ed h\u00f6ndum hins \u00ferautreynda kennara R\u00fanars Gu\u00f0brandssonar. Bo\u00f0i\u00f0 hefur veri\u00f0 upp \u00e1 samb\u00e6rilegt n\u00e1mskei\u00f0 \u00e1\u00f0ur og afar vel af \u00fev\u00ed l\u00e1ti\u00f0.<br \/>\n\u00deess m\u00e1 geta a\u00f0 n\u00fdi framkv\u00e6mdastj\u00f3rinn setti upp rafr\u00e6nt ums\u00f3knakerfi og er n\u00fa b\u00e6\u00f0i h\u00e6gt a\u00f0 senda inn um\u00f3knir og skila vi\u00f0horfsk\u00f6nnun \u00e1 rafr\u00e6nu formi. Eins var Vilborg okkur innan handar vi\u00f0 undirb\u00faninginn. \u00de\u00f6kkum vi\u00f0 \u00feeim fyrir \u00feeirra st\u00f6rf.<br \/>\nSumari\u00f0 l\u00edtur sem sagt vel \u00fat og sk\u00f3last\u00fdrur hlakka miki\u00f0 til a\u00f0 nj\u00f3ta \u00feess a\u00f0 fylgja nemendum eftir eitt \u00e1ri\u00f0 enn. Segi \u00e9g \u00fe\u00e1 loki\u00f0 sk\u00fdrslu sk\u00f3lanefndar. Takk fyrir!<\/p>\n<p>Gu\u00f0finna spur\u00f0i hvort \u00fea\u00f0 v\u00e6ru laus pl\u00e1ss \u00ed sk\u00f3lann \u00ed sumar. D\u00fdrleif svara\u00f0i a\u00f0 \u00fea\u00f0 s\u00e9u m\u00f6gulega laus pl\u00e1ss \u00e1 Leiklist 1 og S\u00e9rn\u00e1mskei\u00f0i \u00ed leiklist. Aldrei of seint a\u00f0 s\u00e6kja um \u00ed sk\u00f3lann \u00fev\u00ed \u00fea\u00f0 er alltaf m\u00f6guleiki \u00e1 a\u00f0 einhver detti \u00fat.<\/p>\n<p>Fundarstj\u00f3ri d\u00e1sama\u00f0i leiklistarsk\u00f3lann og l\u00fdsti \u00fev\u00ed hversu gaman v\u00e6ri a\u00f0 kynnast \u00fear f\u00f3lki. H\u00e9lt \u00fev\u00ed einnig fram a\u00f0 \u00fe\u00e1tttaka \u00ed sk\u00f3lanum geti komi\u00f0 \u00ed sta\u00f0 s\u00e1lfr\u00e6\u00f0it\u00edma.<\/p>\n<p>D\u00fdrleif kom aftur \u00ed pontu og fjalla\u00f0i meira um sk\u00f3lann. H\u00fan benti \u00e1 a\u00f0 Leiklist 1 s\u00e9 ekki bara fyrir \u00f3reynda leikara heldur fyrir alla og \u00feessvegna h\u00e6gt a\u00f0 fara oft \u00e1 sama n\u00e1mskei\u00f0 hj\u00e1 mismunandi kennurum.&nbsp;Sama gildir um s\u00e9rn\u00e1mskei\u00f0in sem h\u00e6gt er a\u00f0 fara aftur og aftur \u00e1 \u00fev\u00ed \u00feau eru aldrei eins og h\u00f3purinn sem tekur \u00fe\u00e1tt hefur alltaf \u00e1hrif \u00e1 hvernig n\u00e1mskei\u00f0i\u00f0 ver\u00f0ur.<\/p>\n<p>H\u00e6gt er a\u00f0 s\u00e6kja um styrki fyrir n\u00e1mskei\u00f0um til flestra st\u00e9ttarf\u00e9laga og leikf\u00e9l\u00f6gin veita l\u00edka flest einhverja styrki til \u00feeirra sem s\u00e6kja sk\u00f3lann. Kennarasambandi\u00f0 veitir td. Endurmenntunarstyrki.<\/p>\n<p>\u00c1sgeir spur\u00f0i hversu marga \u00fearf til a\u00f0 fylla n\u00e1mskei\u00f0 og svara\u00f0i D\u00fdrleif \u00fev\u00ed a\u00f0 \u00fea\u00f0 s\u00e9 mismunandi eftir n\u00e1mskei\u00f0um. Td. komast a\u00f0eins 14 \u00e1 Leikritun 2 en fleiri pl\u00e1ss s\u00e9u \u00e1 \u00f6\u00f0rum n\u00e1mskei\u00f0um.<\/p>\n<p>Gunnar Bj\u00f6rn spur\u00f0i hvort h\u00e6gt v\u00e6ri a\u00f0 hafa l\u00edka h\u00f6funda \u00ed heims\u00f3kn fyrst leikritunarn\u00e1mskei\u00f0i\u00f0 er fullt. D\u00fdrleif l\u00fdsti yfir \u00e1hyggjum yfir \u00fev\u00ed a\u00f0 m\u00f6gulega myndi \u00fe\u00e1tttaka \u00e1 Leikritunarn\u00e1mskei\u00f0inu minnka ef bo\u00f0i\u00f0 v\u00e6ri upp \u00e1 h\u00f6funda \u00ed heims\u00f3kn en \u00fe\u00f3 v\u00e6ri m\u00f6guleiki \u00e1 \u00fev\u00ed a\u00f0 \u00fea\u00f0 yr\u00f0i bo\u00f0i\u00f0 upp \u00e1 \u00fea\u00f0 \u00feegar n\u00e6r dr\u00e6gi.<\/p>\n<p>Sigga L\u00e1ra tala\u00f0i um a\u00f0 h\u00fan myndi ekki vera a\u00f0 s\u00e6kja \u00fea\u00f0 sama \u00e1 n\u00e1mskei\u00f0i og sem h\u00f6fundur \u00ed heims\u00f3kn.<\/p>\n<p>Elli l\u00fdsti yfir \u00e1n\u00e6gju yfir \u00fev\u00ed a\u00f0 \u00fea\u00f0 s\u00e9u tveir n\u00fdir kennarar til a\u00f0 busa.<\/p>\n<p>Utan dagskr\u00e1r:<br \/>\nH\u00f6r\u00f0ur kynnti yfirlit yfir \u00fer\u00f3un styrkja til \u00dej\u00f3nustumi\u00f0st\u00f6\u00f0var Bandalagsins og Leikf\u00e9laganna fr\u00e1 \u00e1rinu 2000. \u00dear s\u00e1st a\u00f0 fr\u00e1 \u00e1rinu 2000 hefur styrkur til \u00fej\u00f3nustumi\u00f0st\u00f6\u00f0var h\u00e6kka\u00f0 fr\u00e1 3 milj\u00f3num \u00ed 6 millj\u00f3nir og styrkur til leikf\u00e9laganna hefur h\u00e6kka\u00f0 \u00far 17,2 millj\u00f3num \u00ed 18,2 millj\u00f3nir. Ekki var b\u00fai\u00f0 a\u00f0 reikna \u00fat \u00e1hrif v\u00edsit\u00f6lu \u00e1 \u00feessar upph\u00e6\u00f0ir en G\u00edsli \u00e6tla\u00f0i a\u00f0 sko\u00f0a \u00fea\u00f0.<\/p>\n<p><strong>10.<\/strong><\/p>\n<p>Dr\u00f6g a\u00f0 starfs\u00e1\u00e6tlun n\u00e6sta \u00e1rs kynnt og skipa\u00f0 \u00ed starfsh\u00f3pa.<\/p>\n<p>Gu\u00f0finna kynnti umr\u00e6\u00f0ur um starfs\u00e1\u00e6tlun og skipa\u00f0i \u00ed h\u00f3pa. Gert var h\u00e1degisver\u00f0arhl\u00e9. Hist ver\u00f0ur aftur h\u00e9r kl. 13:30.<\/p>\n<p>Fundi var fram haldi\u00f0 kl. 13:34 me\u00f0 \u00fev\u00ed a\u00f0 H\u00f6r\u00f0ur minnti \u00e1 Facebookh\u00f3pa tengda B\u00cdL og skipa\u00f0i f\u00f3lki a\u00f0 l\u00edka vi\u00f0 \u00fe\u00e1 hi\u00f0 snarasta hafi \u00fea\u00f0 ekki gert \u00fea\u00f0 n\u00fa \u00feegar. Hvatti hann f\u00f3lk til a\u00f0 senda til hans skemmtilegar myndir fr\u00e1 \u00feinginu svo h\u00e6gt s\u00e9 a\u00f0 birta \u00fe\u00e6r \u00e1 Facebooks\u00ed\u00f0u B\u00cdL.<\/p>\n<p>Starfsh\u00f3par kynntu \u00fev\u00ed n\u00e6st ni\u00f0urst\u00f6\u00f0ur s\u00ednar.<\/p>\n<p><strong><em>H\u00f3pur 1<\/em><\/strong><\/p>\n<p>H\u00f3pstj\u00f3ri Gunnar Bj\u00f6rn Gu\u00f0mundsson<br \/>\n\u00c1rmann Gu\u00f0mundsson, Sigr\u00fan Sighvatsd\u00f3ttir, \u00d3\u00f0inn Bj\u00f6rnsson, Hanna Margr\u00e9t Kristleifsd\u00f3ttir, Reg\u00edna Sigur\u00f0ard\u00f3ttir, \u00c1sgeir Hv\u00edtask\u00e1ld, Magn\u00fe\u00f3ra Kristj\u00e1nsd\u00f3ttir, Kjartan R\u00fanarsson.<\/p>\n<p>1. \u00c1huga- og \u00feekkingarleysi stj\u00f3rnvalda \u00e1 starfsemi \u00e1hugaleikf\u00e9lagana er vi\u00f0varandi vandam\u00e1l. Vekja \u00fearf stj\u00f3rnv\u00f6ld til me\u00f0vitundar um \u00fea\u00f0 \u00f3metanlega grasr\u00f3tarstarf, sem a\u00f0 langmestu leyti er unni\u00f0 \u00ed sj\u00e1lfbo\u00f0avinnu og er grundv\u00f6llur hins \u00f6fluga menningarl\u00edfs sem \u00fer\u00edfst \u00ed landinu.<\/p>\n<p>Hugmynd okkar er a\u00f0 \u00f6ll leikf\u00e9l\u00f6g sendi sveitarstj\u00f3rnum s\u00ednum kynningu \u00e1 hva\u00f0 fer fram \u00ed leikf\u00e9laginu og hva\u00f0a \u00fe\u00fd\u00f0ingu \u00fea\u00f0 hefur fyrir sveitarf\u00e9lagi\u00f0, b\u00e6\u00f0i beint og \u00f3beint.<\/p>\n<p>Me\u00f0 \u00feessu viljum vi\u00f0 auka me\u00f0vitund \u00fej\u00f3\u00f0arinnar um \u00f3tv\u00edr\u00e6tt mikilv\u00e6gi \u00e1hugaleikh\u00fassins \u00ed \u00edslensku samf\u00e9lagi.<\/p>\n<p>Einnig a\u00f0 f\u00e1 \u00feekkt leikh\u00fasf\u00f3lk til a\u00f0 \u201evitna\u201c um r\u00e6tur s\u00ednar \u00ed \u00e1hugaleikh\u00fasinu og hvernig \u00fea\u00f0 f\u00e9kk eldsk\u00edrn s\u00edna \u00fear og hvatningu til a\u00f0 gera leiklistina a\u00f0 \u00e6vistarfi s\u00ednu. #\u00e9ger\u00e1hugaleikari herfer\u00f0in.<\/p>\n<p>2. S\u00e9rverkefni:<br \/>\nH\u00f3pnum l\u00edst mj\u00f6g vel \u00e1 hugmyndir stj\u00f3rnar um leiklistarh\u00e1t\u00ed\u00f0 og hefur engu vi\u00f0 hana a\u00f0 b\u00e6ta.<\/p>\n<p><strong><em>H\u00f3pur 2<\/em><\/strong><\/p>\n<p>H\u00f3pstj\u00f3ri: Stefan\u00eda El\u00edsabet Hallbj\u00f6rnsd\u00f3ttir<br \/>\nKrist\u00edn \u00d3lafsd\u00f3ttir,&nbsp;Unnur Lilja Erlingsd\u00f3ttir,&nbsp;J\u00f3hanna Hafd\u00eds Leifsd\u00f3ttir,&nbsp;\u00c1sa G\u00edslad\u00f3ttir,&nbsp;Stef\u00e1n H. J\u00f3hannesson,&nbsp;J\u00f3nhei\u00f0ur \u00cdsleifsd\u00f3ttir,&nbsp;Axel Vatnsdal,&nbsp;J\u00f3hanna S. Ing\u00f3lfsd\u00f3ttir<\/p>\n<p>R\u00e6tt um mikilv\u00e6gi \u00fej\u00f3nustumi\u00f0st\u00f6\u00f0var og \u00fe\u00e1 g\u00f3\u00f0u \u00fej\u00f3nustu sem leikf\u00e9l\u00f6gum stendur \u00fear til bo\u00f0a sem og grunnsk\u00f3lum, framhaldssk\u00f3lum og fleiri a\u00f0ilum. \u00de\u00e1 l\u00fdsa \u00fe\u00e1tttakendur mikilli \u00e1n\u00e6gju me\u00f0 Leiklistarsk\u00f3la og Leiklistarvef. Undir \u00feessum li\u00f0 r\u00e6tt um hvatningu til annarra f\u00e9laga til a\u00f0 s\u00e6kja t.d. \u00feing, b\u00e6\u00f0i okkur og \u00feeim til aukinnar \u00e1n\u00e6gju en einnig til a\u00f0 styrkja okkur innanfr\u00e1. Leikh\u00fasi\u00f0 sn\u00fdst a\u00f0 svo m\u00f6rgu leiti um tengsl. \u00de\u00e9ttum tengsl a\u00f0ildarf\u00e9laga.<br \/>\nR\u00e6tt um lei\u00f0ir til aukinna fj\u00e1rframlaga. Hugmynd um a\u00f0 f\u00e1 \u00feekkta a\u00f0ila til a\u00f0 r\u00e6\u00f0a reynslu s\u00edna af \u00e1hugaleikh\u00fasi \u00e1 opinberum vettvangi. \u00de\u00e1 m\u00e1 au\u00f0veldlega setja umr\u00e6\u00f0una \u00ed samhengi vi\u00f0 umr\u00e6\u00f0u um ge\u00f0heilbrig\u00f0i sem er svo \u00e1berandi \u00ed dag, n\u00fdta reynslus\u00f6gur \u00feeirra sem \u00fev\u00ed vilja deila um hvernig leikh\u00fas hafi hj\u00e1lpa\u00f0 (ungu) f\u00f3lki \u00fat\u00far f\u00e9lagslegri einangrun, \u00feunglyndi, kv\u00ed\u00f0a o.s.frv. Beina athygli af mikilv\u00e6gi leikh\u00fassins sem forv\u00f6rn \u00e1 sama h\u00e1tt og t.d. \u00ed\u00fer\u00f3ttai\u00f0kun. Mikilv\u00e6gur punktur a\u00f0 \u00fe\u00e1tttaka \u00ed leikf\u00e9lagi er vi\u00f0komandi oftast a\u00f0 kostna\u00f0arlausu utan f\u00e9lagsgjalds, framlag einstaklingsins \u00ed vi\u00f0veru, vinnu og samskiptum er \u00fea\u00f0 sem skiptir m\u00e1li.<\/p>\n<p>S\u00e9rverkefni<br \/>\nH\u00f3pnum l\u00edst a\u00f0 \u00f6llu leiti vel \u00e1 hugmyndir undirb\u00faingsnefndar um leiklistarh\u00e1t\u00ed\u00f0 2020.<\/p>\n<p>R\u00e6tt um hvort einhver leikf\u00e9l\u00f6g g\u00e6tu s\u00e9\u00f0 \u00fea\u00f0 sem hindrun ef krafa ver\u00f0i um a\u00f0 leikverk \u00e1 stutth\u00e1t\u00ed\u00f0 s\u00e9u frumsamin. \u00dev\u00ed yr\u00f0i a\u00f0 m\u00e6ta \u00e1 einhvern h\u00e1tt, ver\u00f0i s\u00fa lei\u00f0 farin.<\/p>\n<p>Einnig r\u00e6tt um dagsetningu, hvort g\u00e6ti komi\u00f0 skemmtilega \u00fat a\u00f0 \u00feematengja h\u00e1t\u00ed\u00f0ina me\u00f0 einhverjum h\u00e6tti 1. ma\u00ed. Kannski me\u00f0 or\u00f0inu bar\u00e1tta, svo d\u00e6mi s\u00e9 teki\u00f0.<\/p>\n<p>R\u00e6tt um sem vi\u00f0b\u00f3t vi\u00f0 leiklistarh\u00e1t\u00ed\u00f0 a\u00f0 setja fyrir h\u00e1t\u00ed\u00f0ina af sta\u00f0 einhvers konar samsettu leikverki sem a\u00f0ildarf\u00e9l\u00f6g taki \u00fe\u00e1tt \u00ed. \u00de\u00e1 myndi hvert leikf\u00e9lag sem tekur \u00fe\u00e1tt, bj\u00f3\u00f0a fram einn a\u00f0ila til a\u00f0 leika \u00ed \u00feessu leikverki, hlutverkum yr\u00f0i \u00fathluta\u00f0, texta vi\u00f0komandi og eftir atvikum fyrirm\u00e6lum sem \u00feurfa a\u00f0 vera til sta\u00f0ar, en engin f\u00e1i a\u00f0 vita hver leikur hva\u00f0 e\u00f0a hver \u00f6nnur hlutverk s\u00e9u nema a\u00f0 \u00fev\u00ed leyti sem nau\u00f0synlegt er. Hver leikari komi svo til me\u00f0 a\u00f0 undirb\u00faa sig heimavi\u00f0 me\u00f0 stu\u00f0ningi s\u00edns f\u00e9lags og m\u00f6gulega leikstj\u00f3ra me\u00f0 \u00fev\u00ed a\u00f0 l\u00e6ra texta, \u00fer\u00f3a karakter, \u00fatb\u00faa b\u00faning og leikmuni. Leikverki\u00f0 yr\u00f0i svo sett \u00e1 svi\u00f0 \u00e1 leiklistarh\u00e1t\u00ed\u00f0 \u00e1n sameiginlegs undirb\u00fanings. \u00datf\u00e6rsluatri\u00f0i hvort samsetta leikverki\u00f0 yr\u00f0i frumsami\u00f0 e\u00f0a b\u00fatur\/b\u00fatar \u00far eldra verki\/verkum. Einnig \u00fatf\u00e6rsluatri\u00f0i hva\u00f0a fyrirm\u00e6li hver leikari f\u00e1i e\u00f0a hva\u00f0a uppl\u00fdsingar ver\u00f0i gefnar upp. Hugmyndin er s\u00fa a\u00f0 tengja leikf\u00e9l\u00f6gin saman me\u00f0 sameiginlegu verkefni.<\/p>\n<p><strong><em>H\u00f3pur 3<\/em><\/strong><br \/>\nElli (Leikf\u00e9lag Selfoss, h\u00f3pstj\u00f3ri), \u00c1g\u00fast (Leikf\u00e9lag H\u00f3lmav\u00edkur), Sigga L\u00e1ra (Leikf\u00e9lag Flj\u00f3tsdalsh\u00e9ra\u00f0s), Gu\u00f0r\u00fan Einars (Leikf\u00e9lag H\u00fasav\u00edkur), Benon\u00fd (Leikf\u00e9lag H\u00fasav\u00edkur), Ing\u00f3lfur (Freyvangsleikh\u00fasi\u00f0), Gu\u00f0r\u00fan Eysteins (Hugleikur), Sigur\u00f0ur (Leikf\u00e9lag H\u00f6rgd\u00e6la), Erla (Leikf\u00e9lag \u00d6lfuss).<\/p>\n<p>\u00dej\u00f3nustumi\u00f0st\u00f6\u00f0<\/p>\n<p>Erum \u00e1n\u00e6g\u00f0 og f\u00e1um \u00fe\u00e1 \u00fej\u00f3nustu sem vi\u00f0 \u00feurfum. Viljum auka veg mi\u00f0st\u00f6\u00f0varinnar og vir\u00f0ingu og hvetjum alla \u00e1hugaleikara og \u00f6ll leikf\u00e9l\u00f6g til a\u00f0 n\u00fdta t.d. samf\u00e9lagsmi\u00f0la til a\u00f0 dreifa augl\u00fdsingum af vefnum um verslunarv\u00f6rur fyrir \u00d6skudag og Halloween, og nefna handritasafni\u00f0 vi\u00f0 \u00f6ll m\u00f6guleg t\u00e6kif\u00e6ri. Fram kom hugmynd um a\u00f0 \u00fatb\u00faa Youtube video me\u00f0 sketsum \u00fear sem einhverjir koma \u00e1 \u00fej\u00f3nustumi\u00f0st\u00f6\u00f0ina og f\u00e1 \u00farlausn sinna m\u00e1la, f\u00e1 handriti\u00f0 sem vanta\u00f0i e\u00f0a kaupa t.d. f\u00f6r\u00f0unarv\u00f6rur og ganga \u00fat sem n\u00fdjar manneskjur!<\/p>\n<p>Hugmyndir voru r\u00e6ddar um lei\u00f0ir til aukinnar fj\u00e1rm\u00f6gnunar, t.d. a\u00f0 bj\u00f3\u00f0a upp \u00e1 einstaklingsa\u00f0ild a\u00f0 Bandalaginu (sem \u00e1\u00f0ur hefur veri\u00f0 r\u00e6tt), og\/e\u00f0a senda \u00fat valgrei\u00f0slur til einstaklinga, t.d. upp \u00e1 ca 2000 kr.<\/p>\n<p>Vi\u00f0 leggjum til a\u00f0 skipu\u00f0 ver\u00f0i nefnd til a\u00f0 taka saman g\u00f6gn a.m.k. aftur fyrir leiklistarl\u00f6g sem sett voru um e\u00f0a fyrir mi\u00f0jan 10. \u00e1ratug sl. aldar, um fj\u00e1rm\u00f6gnun og starfsemi leikf\u00e9laganna, greina og skila sk\u00fdrslu \u00e1 n\u00e6sta a\u00f0alfundi.<\/p>\n<p>E.t.v. v\u00e6ri gagnlegt a\u00f0 skipuleggja og framkv\u00e6ma br\u00e9faherfer\u00f0 \u2013 gjarnan me\u00f0 sveitarf\u00e9l\u00f6gin \u00ed li\u00f0i. T.d. a\u00f0 einstaklingar, leikf\u00e9l\u00f6g og sveitarstj\u00f3rnir skrifi kj\u00f6rnum fulltr\u00faum sinna kj\u00f6rd\u00e6ma, og l\u00edka til fj\u00e1rlaganefndarfulltr\u00faa, til a\u00f0 f\u00e6ra r\u00f6k fyrir mikilv\u00e6gi starfseminnar, mikilv\u00e6gi \u00fej\u00f3nustumi\u00f0st\u00f6\u00f0varinnar fyrir Bandalagi\u00f0 og \u00fej\u00f3\u00f0f\u00e9lagi\u00f0, muna eftir \u00fej\u00f3nustunni sem mi\u00f0st\u00f6\u00f0in veitir l\u00edka sk\u00f3lakerfinu og atvinnuleikh\u00fasunum og sj\u00e1lfst\u00e6\u00f0u leikh\u00f3punum. Nota m\u00e1 g\u00f6gnin og sk\u00fdrsluna sem fyrrnefnd nefnd skilar.<\/p>\n<p>Sk\u00f3linn, sk\u00f3linn er f\u00ednn, allir a\u00f0 fara \u00ed sk\u00f3lann, muna eftir st\u00e9ttarf\u00e9lagastyrkjum, oft h\u00e6gt a\u00f0 f\u00e1 styrki jafnvel \u00fe\u00f3tt svo s\u00e9 ekki a\u00f0 sj\u00e1 \u00e1 reglum f\u00e9laganna. Alltaf a\u00f0 t\u00e9kka.<\/p>\n<p><strong>S\u00e9rverkefni: Leiklistarh\u00e1t\u00ed\u00f0 2020<\/strong><br \/>\nForsendur:<br \/>\nStuttverkah\u00e1t\u00ed\u00f0.<br \/>\nTengja vi\u00f0 a\u00f0alfund, halda f\u00f6studaginn 1. ma\u00ed<br \/>\nHaldi\u00f0 \u00ed Reykjanesb\u00e6, e\u00f0a annarssta\u00f0ar \u00e1 Su\u00f0urnesjum<br \/>\nLeik\u00fe\u00e6ttir 15 \u2013 25 m\u00edn a\u00f0 lengd<br \/>\nF\u00e1 utana\u00f0komandi til a\u00f0 fjalla um s\u00fdningar<br \/>\nM\u00f6guleiki \u00e1 a\u00f0 hafa sameiginlega leikh\u00fasveislu \u00e1 f\u00f6studagskv\u00f6ldinu<\/p>\n<p>Vi\u00f0 erum hlynnt \u00f6llum \u00feessum hugmyndum. S\u00e9rstaklega a\u00f0 hafa ne\u00f0ri t\u00edmam\u00f6rk og efri \u00e1 lengd verka, \u00fea\u00f0 hvetur til g\u00f3\u00f0s undirb\u00fanings.&nbsp;Einnig l\u00edst okkur mj\u00f6g vel \u00e1 a\u00f0 hafa \u201eutana\u00f0komandi\u201c a\u00f0ila \u00ed gagnr\u00fdni verkanna\/umfj\u00f6llun, t.d. Berg Ing\u00f3lfs, m.a. vegna tengingar vi\u00f0 Su\u00f0urnes.<\/p>\n<p>Vi\u00f0 skorum \u00e1 f\u00e9l\u00f6gin a\u00f0 taka \u00fe\u00e1tt og a\u00f0 virkja h\u00f6funda til a\u00f0 skrifa verk af \u00feessari lengd, og deila milli f\u00e9laga.<br \/>\nEr h\u00e6gt a\u00f0 forvinna og fiska \u00fat \u00far handritsafninu? Hefur einhver t\u00edma til \u00feess, hver getur gert \u00fea\u00f0?<br \/>\nGeta leikf\u00e9l\u00f6gin sem eiga eitthvert handritasafn sj\u00e1lf gert \u00fea\u00f0 sama, fengi\u00f0 heimild h\u00f6funda til a\u00f0 nota verkin og lagt \u00feau fram?<br \/>\nGetum vi\u00f0 \u00fatb\u00fai\u00f0 sameiginlega handritageymslu sem \u00f6ll leikf\u00e9l\u00f6gin geta komist \u00ed til a\u00f0 setja inn \u00feessi handrit og \u00f6nnur sem kunna a\u00f0 ver\u00f0a skrifu\u00f0.<br \/>\nFinna \u00feyrfti kerfi til a\u00f0 \u00fatdeila verkunum, \u00feannig a\u00f0 h\u00e6gt s\u00e9 a\u00f0 taka \u00feau fr\u00e1 til s\u00fdninga. Ath. h\u00f6fundarlaun og r\u00e9ttindi.<br \/>\nEinnig v\u00e6ri h\u00e6gt a\u00f0 velja 1 \u2013 3 verk sem allir \u00feurfa a\u00f0 nota og setja upp, sbr. \u00dej\u00f3\u00f0leikur.<br \/>\n\u00deetta krefst sennilega rafr\u00e6nnar lausnar, og \u00feyrfti a\u00f0 vera komi\u00f0 til framkv\u00e6mda snemma hausts. Vi\u00f0 beinum \u00feessum hugmyndum til undirb\u00faningsnefndar.<\/p>\n<p><em><strong>H\u00f3pur 4<\/strong><\/em><br \/>\nHulda Gunnarsd\u00f3ttir h\u00f3pstj\u00f3ri<br \/>\n\u00dalfhildur \u00d6rn\u00f3lfsd\u00f3ttir, Stef\u00e1n \u00d3lafsson, Stefan\u00eda Bj\u00f6rk Bj\u00f6rnsd\u00f3ttir, Kolbr\u00fan Ada Gunnarsd\u00f3ttir, S\u00f3lveig Hei\u00f0r\u00fan Stef\u00e1nsd\u00f3ttir, Hugr\u00fan \u00c1sta \u00d3skarsd\u00f3ttir, \u00de\u00f3rd\u00eds Sigurgeirsd\u00f3ttir og Berglind \u00d3sk Ing\u00f3lfsd\u00f3ttir.<\/p>\n<p>1. G\u00f3\u00f0 \u00fej\u00f3nusta sem er algj\u00f6rlega \u00f3missandi \u00ed starfsemi leikf\u00e9laga \u00e1 landinu. Leiklistarsk\u00f3linn \u00f3missandi og vefurinn einnig. Allt algj\u00f6rlega d\u00e1samlegt. Vefurinn hefur or\u00f0i\u00f0 a\u00f0gengilegri og virkari a\u00f0 undanf\u00f6rnu. Minnum leikf\u00e9l\u00f6g \u00e1 a\u00f0 augl\u00fdsa leiklist.is \u00e1 me\u00f0al sinna leikf\u00e9laga og inni \u00e1 s\u00ednum vefum og Facebooks\u00ed\u00f0um. Minnum stj\u00f3rnir leikf\u00e9laga \u00e1 a\u00f0 senda uppf\u00e6r\u00f0ar uppl\u00fdsingar um s\u00edn f\u00e9l\u00f6g til l\u00e9nsherra (t.d. heimas\u00ed\u00f0ur og anna\u00f0), gott a\u00f0 geta fari\u00f0 inn og fundi\u00f0 heimas\u00ed\u00f0ur.<br \/>\n\u00dei\u00f0 standi\u00f0 ykkur vel og vi\u00f0 elskum ykkur \u00f6ll.<\/p>\n<p>2. Vi\u00f0 \u00feurfum a\u00f0 vera s\u00fdnilegri og l\u00e1ta \u00ed okkur heyra \u00e1 opinberum vettvangi. L\u00fdsa starfseminni og h\u00f6fum samband vi\u00f0 Kveik, Menningu, Kastlj\u00f3s, Landann og \u00fer\u00fdstum \u00e1 mi\u00f0la a\u00f0 fjalla um okkur. M\u00e6lum me\u00f0 \u00fevi a\u00f0 hvert f\u00e9lag fyrir sig hafi h\u00e1tt og heimti athygli. Leikum sama leikinn sem stj\u00f3rnm\u00e1lamenn leika og lj\u00fagum fyrir atkv\u00e6\u00f0i\/fj\u00e1rframl\u00f6g. L\u00f6glegt en si\u00f0laust! \ud83d\ude0a<\/p>\n<p>S\u00e9rverkefni<br \/>\nOkkur finnst \u00feetta hlj\u00f3ma eins og gott part\u00fd. Sj\u00e1um fyrir okkur a\u00f0 \u00fea\u00f0 s\u00e9 leiklistarh\u00e1t\u00ed\u00f0 allan f\u00f6studaginn \u00fear sem leikf\u00e9l\u00f6gin s\u00fdna s\u00edn verk (15-20) m\u00edn hvert. Um kv\u00f6ldi\u00f0 yr\u00f0i svo gott part\u00fd. \u00c1 laugardeginum yr\u00f0i a\u00f0alfundur og h\u00e1t\u00ed\u00f0arkv\u00f6ldver\u00f0ur. Leikf\u00e9l\u00f6gin hv\u00f6tt til a\u00f0 koma me\u00f0 sitt og s\u00edna, enda \u00e6tlum vi\u00f0 \u00f6ll a\u00f0 reyna a\u00f0 vekja meiri athygli \u00e1 Bandalaginu og f\u00e1 umfj\u00f6llun. Hafa verkin f\u00e6ranleg og einf\u00f6ld.<br \/>\nHugmynd a\u00f0 hafa fundinn \u00e1 f\u00f6studeginum og h\u00e1t\u00ed\u00f0ina \u00e1 laugardeginum.<br \/>\nHafa mini workshop \u2013 geta vali\u00f0 eftir \u00e1hugasvi\u00f0i \u2013 smink, l\u00fdsing, leikstj\u00f3rn, leikur, b\u00faningar, marka\u00f0ssetning ofl.<br \/>\nEftir \u00fea\u00f0 geta h\u00f3parnir fari\u00f0 \u00e1 milli og sko\u00f0a\u00f0 hva\u00f0 hinir voru a\u00f0 gera.<br \/>\nHvert leikf\u00e9lag skilar inn poster me\u00f0 kynningu \u00e1 s\u00e9r sem h\u00e6gt er a\u00f0 hengja upp.<br \/>\nLeggja \u00e1herslu \u00e1 h\u00f3pefli og a\u00f0 tengja saman f\u00e9l\u00f6g og f\u00e9laga.<\/p>\n<p><strong>11. <\/strong><\/p>\n<p>Kj\u00f6rnefnd tilkynnir ni\u00f0urst\u00f6\u00f0ur s\u00edna og m\u00e6lir me\u00f0 a\u00f0 minnsta kosti einum a\u00f0ila \u00ed hvert s\u00e6ti sem kj\u00f3sa skal \u00ed.<br \/>\nSigga L\u00e1ra sag\u00f0i fr\u00e1 \u00fev\u00ed a\u00f0 kj\u00f3sa \u00e6tti um formann og einn a\u00f0almann. Einnig a\u00f0 \u00ferj\u00fa s\u00e6ti v\u00e6ru \u00ed bo\u00f0i \u00ed varastj\u00f3rn. Gu\u00f0finna Gunnarsd\u00f3ttir Leikf\u00e9lagi Selfoss gefur kost \u00e1 s\u00e9r til \u00e1framhaldandi formennsku. G\u00edsli Bj\u00f6rn Heimisson Leikf\u00e9lagi Hafnarfjar\u00f0ar gefur einnig kost \u00e1 s\u00e9r \u00e1fram \u00ed a\u00f0alstj\u00f3rn. \u00d3ska\u00f0i h\u00fan eftir m\u00f3tframbo\u00f0um. \u00cd varastj\u00f3rn gefa kost \u00e1 s\u00e9r Hanna Margr\u00e9t Kristleifsd\u00f3ttir Halaleikh\u00f3pnum, \u00de\u00f3rv\u00f6r Embla Gu\u00f0mundsd\u00f3ttir Leikdeild Umf. Reykd\u00e6la, \u00der\u00fa\u00f0ur Sigur\u00f0ard\u00f3ttir Leikf\u00e9lagi \u00d6lfuss, J\u00f3nhei\u00f0ur \u00cdsleifsd\u00f3ttir Leikf\u00e9lagi Selfoss, \u00c1g\u00fast J\u00f3nsson Leikf\u00e9lagi H\u00f3lmav\u00edkur.<\/p>\n<p><strong>12.<\/strong><\/p>\n<p>Lagabreytingar.<br \/>\nEngar lagabreytingar voru lag\u00f0ar fyrir fundinn.<\/p>\n<p><strong>13. <\/strong><\/p>\n<p>Till\u00f6gur lag\u00f0ar fyrir fundinn.<br \/>\n\u00d3l\u00f6f \u00de\u00f3r\u00f0ard\u00f3ttir varaforma\u00f0ur lag\u00f0i eftirfarandi till\u00f6gu fyrir fundinn:<\/p>\n<p>\u201cStj\u00f3rn B\u00cdl leggur til a\u00f0 2,5 millj\u00f3nir kr\u00f3na af verkefnastyrk a\u00f0ildarf\u00e9laganna ver\u00f0i l\u00e1tin ganga til rekstrar \u00fej\u00f3nustumi\u00f0st\u00f6\u00f0var Bandalagsins.\u201d<\/p>\n<p>\u00d3l\u00f6f \u00e1r\u00e9tta\u00f0i \u00fea\u00f0 sem fram kom \u00ed ni\u00f0urst\u00f6\u00f0um h\u00f3panna um mikilv\u00e6gi \u00fej\u00f3nustumi\u00f0st\u00f6\u00f0varinnar og ba\u00f0 f\u00f3lk a\u00f0 hugsa m\u00e1li\u00f0 vel og vandlega. H\u00fan nefndi a\u00f0 ef framlagi\u00f0 yr\u00f0i h\u00e6kka\u00f0 upp \u00ed 3.000.000 myndi \u00fea\u00f0 a\u00f0eins l\u00e6kka styrk til f\u00e9laganna um 10.000 kr\u00f3nur. \u00dea\u00f0 myndi hins vegar gera g\u00e6fumuninn fyrir \u00dej\u00f3nustumi\u00f0st\u00f6\u00f0ina.<\/p>\n<p>D\u00fdrleif t\u00f3k undir \u00feessar huglei\u00f0ingar og hvatti f\u00f3lk til \u00feess a\u00f0 sam\u00feykkja a\u00f0 h\u00e6kka framlagi\u00f0 upp \u00ed 3.000.000.<\/p>\n<p>Axel Vatnsdal kva\u00f0st \u00feessu samm\u00e1la. \u00de\u00f3 \u00fea\u00f0 s\u00e9 \u00f6murlegt a\u00f0 \u00feurfa a\u00f0 taka af verkefnastyrknum \u00fe\u00e1 er Bandalagi\u00f0 okkar og til \u00feess a\u00f0 \u00fea\u00f0 lifi \u00fearf a\u00f0 fara \u00ed a\u00f0ger\u00f0ir sem \u00feessar. Hann lag\u00f0i fram eftirfarandi till\u00f6gu:<\/p>\n<p>\u201cA\u00f0alfundur Bandalags \u00edslenskra leikf\u00e9laga haldinn \u00e1 Fossh\u00f3tel H\u00fasav\u00edk 4. ma\u00ed 2019 sam\u00feykkir a\u00f0 kr. 3 millj\u00f3nir renni til skrifstofu Bandalagsins af verkefnastyrk f\u00e9laganna.\u201d<\/p>\n<p>H\u00f6r\u00f0ur kom \u00ed pontu og sk\u00fdr\u00f0i betur st\u00f6\u00f0u \u00dej\u00f3nustumi\u00f0st\u00f6\u00f0varinnar og nefndi a\u00f0 sta\u00f0an f\u00e6ri einungis versnandi.<\/p>\n<p>J\u00f3nhei\u00f0ur spur\u00f0i hvort 3 millj\u00f3nir v\u00e6ri n\u00f3g. \u00deurfum vi\u00f0 meira?<\/p>\n<p>Breytingatillaga Axels borin upp og sam\u00feykkt me\u00f0 13 atkv\u00e6\u00f0um. Einn \u00e1 m\u00f3ti.<\/p>\n<p><strong>14. <\/strong><\/p>\n<p>Starfs\u00e1\u00e6tlun afgreidd.<\/p>\n<p>Starfs\u00e1\u00e6tlun Bandalags \u00edslenskra leikf\u00e9laga leik\u00e1ri\u00f0 2019-2020 borin upp fyrir fundinn og sam\u00feykkt samhlj\u00f3\u00f0a.<\/p>\n<p>H\u00fan hlj\u00f3\u00f0ar svo:<\/p>\n<p>Starfs\u00e1\u00e6tlun Bandalags \u00edslenskra leikf\u00e9laga leik\u00e1ri\u00f0 2019-2020<\/p>\n<p>Almenn starfsemi<br \/>\n1. Rekstur \u00fej\u00f3nustumi\u00f0st\u00f6\u00f0var, Leiklistarsk\u00f3la, Leiklistarvefsins og annarra fastra li\u00f0a \u00ed starfseminni.<br \/>\n2. Leita eftir h\u00e6kku\u00f0um framl\u00f6gum \u00far opinberum sj\u00f3\u00f0um og fr\u00e1 einkaa\u00f0ilum til starfsemi \u00e1hugaleikf\u00e9laganna og sameiginlegra verkefna.<\/p>\n<p>S\u00e9rverkefni<br \/>\n1. Halda leiklistarh\u00e1t\u00ed\u00f0 \u00ed tengslum vi\u00f0 70 \u00e1ra afm\u00e6li B\u00cdL \u00e1ri\u00f0 2020.<\/p>\n<p>Hl\u00e9 gert \u00e1 fundi til kl. 14:45. Kaffi og me\u00f0 \u00fev\u00ed.<\/p>\n<p><strong>15. <\/strong><\/p>\n<p>Stj\u00f3rnarkj\u00f6r.<br \/>\nGu\u00f0finna Gunnarsd\u00f3ttir kynnti sig og sag\u00f0ist tilb\u00fain a\u00f0 bj\u00f3\u00f0a sig fram til formanns \u00e1fram. Hlaut h\u00fan klapp a\u00f0 launum og var me\u00f0 \u00fev\u00ed sj\u00e1lfkj\u00f6rin \u00ed emb\u00e6tti\u00f0.<\/p>\n<p>G\u00edsli Bj\u00f6rn Heimisson steig \u00ed pontu og kynnti sig. Hann gefur einnig kost \u00e1 s\u00e9r \u00e1fram \u00ed a\u00f0alstj\u00f3rn. Hann var einnig kj\u00f6rinn me\u00f0 l\u00f3faklappi.<\/p>\n<p>Frambo\u00f0 til varastj\u00f3rnar voru kynnt. Hanna Margr\u00e9t, J\u00f3nhei\u00f0ur og \u00c1g\u00fast kynntu sig, Magn\u00fe\u00f3ra tala\u00f0i fyrir h\u00f6nd \u00der\u00fa\u00f0ar og Dilla fyrir h\u00f6nd Emblu. Gengi\u00f0 til kosninga.<\/p>\n<p>\u00darslit: J\u00f3nhei\u00f0ur hlaut flest atkv\u00e6\u00f0i, Hanna Margr\u00e9t n\u00e6stflest og eru \u00fe\u00e6r \u00fev\u00ed kj\u00f6rnar \u00ed varastj\u00f3rn. Jafnt var \u00e1 atkv\u00e6\u00f0um n\u00e6stu manna og var \u00fev\u00ed kosi\u00f0 a\u00f0 n\u00fdju milli \u00feeirra \u00feriggja sem eftir st\u00f3\u00f0u. \u00c1g\u00fast hlaut flest atkv\u00e6\u00f0i \u00far \u00feeirri kosningu og er \u00fev\u00ed kj\u00f6rinn \u00ed varastj\u00f3rn.<\/p>\n<p><strong>16.<\/strong><br \/>\na. Kosning \u00feriggja manna kj\u00f6rnefndar og eins varamanns til eins \u00e1rs<br \/>\nD\u00fdrleif J\u00f3nsd\u00f3ttir, Sigr\u00ed\u00f0ur L\u00e1ra Sigurj\u00f3nsd\u00f3ttir og Ger\u00f0ur Halld\u00f3ra Sigur\u00f0ard\u00f3ttir voru kj\u00f6rnar a\u00f0almenn og Axel Vatnsdal til vara.<\/p>\n<p>b. Kosning tveggja sko\u00f0unarmanna reikninga og eins til vara til eins \u00e1rs.<br \/>\nD\u00fdrleif J\u00f3nsd\u00f3ttir og Oddfreyja H. Oddfreysd\u00f3ttir voru kj\u00f6rnar a\u00f0alsko\u00f0unarmenn og \u00c1sgeir Hv\u00edtask\u00e1ld til vara.<\/p>\n<p><strong>17. <\/strong><\/p>\n<p>\u00c1kve\u00f0i\u00f0 \u00e1rgjald til Bandalagsins.<br \/>\nG\u00edsli Bj\u00f6rn Heimisson kynnti till\u00f6gu stj\u00f3rnar.<\/p>\n<p>Tillaga stj\u00f3rnar a\u00f0 \u00e1rgjaldi leik\u00e1ri\u00f0 2019-2020<br \/>\nStj\u00f3rn Bandalags \u00edslenskra leikf\u00e9laga leggur til a\u00f0 \u00e1rgj\u00f6ld a\u00f0ildarf\u00e9laga fyrir leik\u00e1ri\u00f0 2019-2020 ver\u00f0i kr. 75.500.<br \/>\nF\u00e9l\u00f6g sem setja upp tv\u00e6r styrkh\u00e6far s\u00fdningar \u00e1 leik\u00e1rinu borgi eitt og h\u00e1lft gjald e\u00f0a kr.113.250 og f\u00e9l\u00f6g sem setja upp \u00ferj\u00e1r s\u00fdningar e\u00f0a fleiri borgi tv\u00f6falt gjald e\u00f0a kr. 151.000.<br \/>\nF\u00e9l\u00f6g sem setja ekki upp styrkh\u00e6fa s\u00fdningu \u00e1 leik\u00e1rinu borgi h\u00e1lft \u00e1rgjald e\u00f0a kr. 37.750.<br \/>\nG\u00edsli \u00fatsk\u00fdr\u00f0i a\u00f0 h\u00e6kkunin v\u00e6ri \u00ed samr\u00e6mi vi\u00f0 launav\u00edsit\u00f6lu milli \u00e1ranna 2018-2019 e\u00f0a 5,4%.<\/p>\n<p><strong>18. <\/strong><\/p>\n<p>\u00d6nnur m\u00e1l.<br \/>\nSigga L\u00e1ra steig \u00ed p\u00falt og sag\u00f0i fr\u00e1 samanbur\u00f0arranns\u00f3kn sem veri\u00f0 er a\u00f0 gera \u00e1 nokkrum litlum leikf\u00e9l\u00f6gum v\u00ed\u00f0a um Evr\u00f3pu. H\u00fan mun senda \u00fat spurningalista \u00e1 \u00f6ll leikf\u00e9l\u00f6g \u00ed tengslum vi\u00f0 ranns\u00f3knina. Ver\u00f0ur \u00fea\u00f0 gert \u00e1\u00f0ur en f\u00e9l\u00f6gin senda inn ums\u00f3kn um styrk \u00ed j\u00fan\u00ed. Hvatti h\u00fan fundarmenn til a\u00f0 svara k\u00f6nnuninni.<\/p>\n<p>Ada ba\u00f0 f\u00f3lk a\u00f0 l\u00e1ta vita ef \u00fea\u00f0 hyg\u00f0ist vera me\u00f0 skemmtiatri\u00f0i e\u00f0a r\u00e6\u00f0ur \u00e1 h\u00e1t\u00ed\u00f0arkv\u00f6ldver\u00f0inum. H\u00fan sag\u00f0i einnig fr\u00e1 \u00fev\u00ed a\u00f0 h\u00e1degismatur yr\u00f0i borinn fram kl. 11:00 \u00e1 sunnudagsmorgun. A\u00f0 lokum benti h\u00fan \u00e1 a\u00f0 \u00fea\u00f0 er Happy Hour \u00e1 h\u00f3telbarnum milli kl. 17:00 og 19:00.<\/p>\n<p>Anna Mar\u00eda \u00fe\u00f3ttist vilja bresta \u00ed s\u00f6ng en \u00e1kva\u00f0 svo a\u00f0 vekja athygli \u00e1 opinni handritasamkeppni sem Freyvangsleikh\u00fasi\u00f0 stendur fyrir. H\u00fan hvatti alla til a\u00f0 senda inn handrit.<\/p>\n<p>Halla sag\u00f0i fr\u00e1 \u00fev\u00ed a\u00f0 f\u00f3lk sem \u00e1 a\u00f0 m\u00e6ta \u00ed fyrra flug \u00e1 sunnudegi yr\u00f0i s\u00f3tt kl. 11:40 og keyrt \u00e1 v\u00f6llinn. \u00deeir sem eiga seinna flug ver\u00f0a s\u00f3ttir kl. 15:40.<\/p>\n<p>Stefan\u00eda Bj\u00f6rk Bj\u00f6rnsd\u00f3ttir fr\u00e1 Halaleikh\u00f3pnum spur\u00f0i hvort til v\u00e6ru einhverjar reglur um fr\u00ed\u00f0indi fyrir hei\u00f0ursf\u00e9laga innan leikf\u00e9laga. Flest leikf\u00e9l\u00f6g hafa \u00feann h\u00e1ttinn \u00e1 a\u00f0 hei\u00f0ursf\u00e9lagar f\u00e1i fr\u00edtt \u00e1 s\u00fdningar. Engar samr\u00e6mdar reglur eru til um \u00feetta.<\/p>\n<p>H\u00f6r\u00f0ur ba\u00f0 fundargesti a\u00f0 f\u00e6ra sig yfir \u00ed hli\u00f0arsalinn \u00fear sem hann f\u00f3r \u00edtarlega yfir Leiklistarvefinn leiklist.is.<\/p>\n<p>N\u00e6sti a\u00f0alfundur. Hugmyndir reifa\u00f0ar um sta\u00f0 og stund.<\/p>\n<p>N\u00e6sti a\u00f0alfundur ver\u00f0ur haldinn \u00ed Reykjanesb\u00e6 1.-2. ma\u00ed 2020 eins og fram hefur komi\u00f0.<\/p>\n<p>Gu\u00f0finna \u00feakka\u00f0i Emblu og \u00der\u00fa\u00f0i fyrir samstarfi\u00f0 \u00ed stj\u00f3rn og bau\u00f0 n\u00fdja stj\u00f3rnarmenn velkomna. Einnig \u00feakka\u00f0i h\u00fan Leikf\u00e9lagi H\u00fasav\u00edkur k\u00e6rlega fyrir h\u00f6f\u00f0inglegar m\u00f3tt\u00f6kur, fundarstj\u00f3rum fyrir g\u00f3\u00f0a fundarstj\u00f3rn og fundarm\u00f6nnum fyrir fr\u00e1b\u00e6ran fund. \u00cd lokin minntist h\u00fan \u00e1 a\u00f0 \u00fea\u00f0 er ekki l\u00faxus a\u00f0 eiga g\u00f3\u00f0a a\u00f0st\u00f6\u00f0u l\u00edkt og vi\u00f0 fengum a\u00f0 sj\u00e1 hj\u00e1 Leikf\u00e9lagi H\u00fasav\u00edkur \u00e1 \u00feessu \u00feingi. \u00dea\u00f0 \u00e1 a\u00f0 vera sj\u00e1lfsagt og vel m\u00f6gulegt a\u00f0 n\u00e1 \u00fev\u00ed fram me\u00f0 g\u00f3\u00f0u samstarfi vi\u00f0 r\u00e1\u00f0amenn. S\u00ed\u00f0an sleit h\u00fan fundi kl. 16:02.<\/p>\n<p>Fundarritarar<br \/>\n<strong>Magn\u00fe\u00f3ra Kristj\u00e1nsd\u00f3ttir<\/strong> og <strong>J\u00f3nhei\u00f0ur \u00cdsleifsd\u00f3ttir<\/strong><\/p>","protected":false},"excerpt":{"rendered":"<p>1. Fundarsetning. Kosning 2ja fundarstj\u00f3ra og 2ja fundarritara sem taka \u00feegar til starfa. L\u00f6gm\u00e6ti fundarins kanna\u00f0. Forma\u00f0ur Bandalagsins, Gu\u00f0finna Gunnarsd\u00f3ttir setti fundinn kl. 9:07. Fundarstj\u00f3rar eru Halla R\u00fan Tryggvad\u00f3ttir og Ben\u00f3n\u00fd Valur Jakobsson fr\u00e1 Leikf\u00e9lagi H\u00fasav\u00edkur. Fundarritarar eru Magn\u00fe\u00f3ra Kristj\u00e1nsd\u00f3ttir og J\u00f3nhei\u00f0ur \u00cdsleifsd\u00f3ttir. Gu\u00f0finna byrja\u00f0i fundinn \u00e1 \u00fev\u00ed a\u00f0 flytja fundinum kve\u00f0ju fr\u00e1 Leikf\u00e9lagi Sey\u00f0isfjar\u00f0ar [&hellip;]<\/p>\n","protected":false},"author":3,"featured_media":0,"comment_status":"closed","ping_status":"closed","sticky":false,"template":"","format":"standard","meta":{"_et_pb_use_builder":"","_et_pb_old_content":"","_et_gb_content_width":"","footnotes":""},"categories":[206],"tags":[],"class_list":["post-12014","post","type-post","status-publish","format-standard","hentry","category-adalfundargerdir","et-doesnt-have-format-content","et_post_format-et-post-format-standard"],"_links":{"self":[{"href":"https:\/\/leiklist.is\/en\/wp-json\/wp\/v2\/posts\/12014","targetHints":{"allow":["GET"]}}],"collection":[{"href":"https:\/\/leiklist.is\/en\/wp-json\/wp\/v2\/posts"}],"about":[{"href":"https:\/\/leiklist.is\/en\/wp-json\/wp\/v2\/types\/post"}],"author":[{"embeddable":true,"href":"https:\/\/leiklist.is\/en\/wp-json\/wp\/v2\/users\/3"}],"replies":[{"embeddable":true,"href":"https:\/\/leiklist.is\/en\/wp-json\/wp\/v2\/comments?post=12014"}],"version-history":[{"count":0,"href":"https:\/\/leiklist.is\/en\/wp-json\/wp\/v2\/posts\/12014\/revisions"}],"wp:attachment":[{"href":"https:\/\/leiklist.is\/en\/wp-json\/wp\/v2\/media?parent=12014"}],"wp:term":[{"taxonomy":"category","embeddable":true,"href":"https:\/\/leiklist.is\/en\/wp-json\/wp\/v2\/categories?post=12014"},{"taxonomy":"post_tag","embeddable":true,"href":"https:\/\/leiklist.is\/en\/wp-json\/wp\/v2\/tags?post=12014"}],"curies":[{"name":"wp","href":"https:\/\/api.w.org\/{rel}","templated":true}]}}