{"id":1200,"date":"2007-02-01T06:52:40","date_gmt":"2007-02-01T06:52:40","guid":{"rendered":"http:\/\/wp.leiklist.is\/?p=1200"},"modified":"2007-02-01T06:52:40","modified_gmt":"2007-02-01T06:52:40","slug":"langafi-prakkari-aftur-eikhu","status":"publish","type":"post","link":"https:\/\/leiklist.is\/en\/langafi-prakkari-aftur-eikhu\/","title":{"rendered":"Langafi prakkari aftur \u00ed M\u00f6guleikh\u00fasinu"},"content":{"rendered":"<p>M\u00f6guleikh\u00fasi\u00f0 hefur n\u00fa hafi\u00f0 s\u00fdningar \u00e1 hinu vins\u00e6la barnaleikriti \u0093Langafa prakkara\u0094 sem byggt er \u00e1 s\u00f6gum Sigr\u00fanar Eldj\u00e1rns. Leikriti\u00f0 var fyrst s\u00fdnt \u00e1 vegum M\u00f6guleikh\u00fassins \u00e1 \u00e1runum 1999 til 2001 og ur\u00f0u s\u00fdningar \u00fe\u00e1 r\u00famlega 150 talsins. B\u00e6kur Sigr\u00fanar Eldj\u00e1rns um Langafa prakkara hafa um \u00e1rabil noti\u00f0 mikilla vins\u00e6lda me\u00f0al yngstu lesendanna. \u00cd \u00feessari leikger\u00f0 er stu\u00f0st vi\u00f0 b\u00e6kurnar Langafi drullumallar og Langafi prakkari.<br \/>  <!--more--> \u00cd leikritinu segir fr\u00e1 l\u00edtilli st\u00falku, \u00d6nnu, og langafa hennar. \u00de\u00f3 langafi s\u00e9 blindur og gamall er hann alltaf tilb\u00fainn a\u00f0 taka \u00fe\u00e1tt \u00ed einhverjum skemmtilegum upp\u00e1t\u00e6kjum me\u00f0 \u00d6nnu litlu. Hann passar hana alltaf \u00e1 daginn \u00feegar pabbi hennar og mamma eru \u00ed vinnunni. \u00de\u00e1 hefur hann n\u00e6gan t\u00edma til a\u00f0 sinna henni og \u00feau gera \u00fdmislegt skemmtilegt saman. \u00deau sko\u00f0a mannl\u00edfi\u00f0, baka drulluk\u00f6kur, vei\u00f0a lang\u00f6mmur og fleira. \u00deetta er enginn venjulegur langafi \u0085<\/p>\n<p> Langafi og Anna eru leikin af \u00feeim Bjarna Ingvarssyni og Aino Freyju J\u00e4rvel\u00e4, leikstj\u00f3ri og h\u00f6fundur leikger\u00f0ar P\u00e9tur Eggerz, b\u00faninga gerir Katr\u00edn \u00deorvaldsd\u00f3ttir, leikmynd er eftir leikh\u00f3pinn\u00a0og t\u00f3nlist er ger\u00f0i Vilhj\u00e1lmur Gu\u00f0j\u00f3nsson.<br \/> \u00a0<br \/> Fyrsta s\u00fdningin \u00e1 Langafa prakkara \u00ed M\u00f6guleikh\u00fasinu vi\u00f0 Hlemm ver\u00f0ur sunnudaginn 4. febr\u00faar kl. 14:00, en s\u00fdningum ver\u00f0ur s\u00ed\u00f0an fram haldi\u00f0 \u00ed leik- og grunnsk\u00f3lum. <\/p>","protected":false},"excerpt":{"rendered":"<p>M\u00f6guleikh\u00fasi\u00f0 hefur n\u00fa hafi\u00f0 s\u00fdningar \u00e1 hinu vins\u00e6la barnaleikriti \u0093Langafa prakkara\u0094 sem byggt er \u00e1 s\u00f6gum Sigr\u00fanar Eldj\u00e1rns. Leikriti\u00f0 var fyrst s\u00fdnt \u00e1 vegum M\u00f6guleikh\u00fassins \u00e1 \u00e1runum 1999 til 2001 og ur\u00f0u s\u00fdningar \u00fe\u00e1 r\u00famlega 150 talsins. B\u00e6kur Sigr\u00fanar Eldj\u00e1rns um Langafa prakkara hafa um \u00e1rabil noti\u00f0 mikilla vins\u00e6lda me\u00f0al yngstu lesendanna. \u00cd \u00feessari leikger\u00f0 [&hellip;]<\/p>\n","protected":false},"author":3,"featured_media":1199,"comment_status":"open","ping_status":"open","sticky":false,"template":"","format":"standard","meta":{"_et_pb_use_builder":"","_et_pb_old_content":"","_et_gb_content_width":"","footnotes":""},"categories":[187],"tags":[],"class_list":["post-1200","post","type-post","status-publish","format-standard","has-post-thumbnail","hentry","category-allar-frir","et-has-post-format-content","et_post_format-et-post-format-standard"],"_links":{"self":[{"href":"https:\/\/leiklist.is\/en\/wp-json\/wp\/v2\/posts\/1200","targetHints":{"allow":["GET"]}}],"collection":[{"href":"https:\/\/leiklist.is\/en\/wp-json\/wp\/v2\/posts"}],"about":[{"href":"https:\/\/leiklist.is\/en\/wp-json\/wp\/v2\/types\/post"}],"author":[{"embeddable":true,"href":"https:\/\/leiklist.is\/en\/wp-json\/wp\/v2\/users\/3"}],"replies":[{"embeddable":true,"href":"https:\/\/leiklist.is\/en\/wp-json\/wp\/v2\/comments?post=1200"}],"version-history":[{"count":0,"href":"https:\/\/leiklist.is\/en\/wp-json\/wp\/v2\/posts\/1200\/revisions"}],"wp:featuredmedia":[{"embeddable":true,"href":"https:\/\/leiklist.is\/en\/wp-json\/"}],"wp:attachment":[{"href":"https:\/\/leiklist.is\/en\/wp-json\/wp\/v2\/media?parent=1200"}],"wp:term":[{"taxonomy":"category","embeddable":true,"href":"https:\/\/leiklist.is\/en\/wp-json\/wp\/v2\/categories?post=1200"},{"taxonomy":"post_tag","embeddable":true,"href":"https:\/\/leiklist.is\/en\/wp-json\/wp\/v2\/tags?post=1200"}],"curies":[{"name":"wp","href":"https:\/\/api.w.org\/{rel}","templated":true}]}}