{"id":11912,"date":"2019-05-02T11:07:42","date_gmt":"2019-05-02T11:07:42","guid":{"rendered":"https:\/\/leiklist.is\/?p=11912"},"modified":"2020-03-02T10:03:04","modified_gmt":"2020-03-02T10:03:04","slug":"leynist-skald-i-ther","status":"publish","type":"post","link":"https:\/\/leiklist.is\/en\/leynist-skald-i-ther\/","title":{"rendered":"Leynist sk\u00e1ld \u00ed \u00fe\u00e9r?"},"content":{"rendered":"<div>Freyvangsleikh\u00fasi\u00f0 heldur opna handritasamkeppni fyrir leiksk\u00e1ld af \u00f6llum st\u00e6r\u00f0um og ger\u00f0um. Leikriti\u00f0 sem ver\u00f0ur fyrir valinu ver\u00f0ur sett upp \u00e1 fj\u00f6lum Freyvangsleikh\u00fassins \u00ed byrjun \u00e1rs 2020.<\/div>\n<div><\/div>\n<div>\u00dea\u00f0 sem \u00fe\u00fa \u00fearft a\u00f0 gera til a\u00f0 taka \u00fe\u00e1tt:<\/div>\n<div>&#8211; Skrifa leikrit \u00ed fullri lengd<\/div>\n<div>&#8211; Merkja handriti\u00f0 me\u00f0 dulnefni<\/div>\n<div>&#8211; Setja alv\u00f6ru nafni\u00f0 \u00feitt og s\u00edman\u00famer \u00ed l\u00edti\u00f0 umslag merkt titli leikritsins<\/div>\n<div>&#8211; Prenta \u00fat handriti\u00f0 og setja \u00fea\u00f0 \u00e1samt litla umslaginu saman \u00ed st\u00e6rra umslag.<\/div>\n<div><\/div>\n<div><\/div>\n<div>Senda skal handriti\u00f0 \u00e1 eftirfarandi heimilisfang:<\/div>\n<div>Stj\u00f3rn Freyvangsleikh\u00fassins<\/div>\n<div>Eyrarlandsvegi 12<\/div>\n<div>600 Akureyri<\/div>\n<div>Skilafrestur er til 10. okt\u00f3ber 2019.<\/div>\n<div><\/div>\n<div>Eing\u00f6ngu frumsamin verk \u00ed fullri lengd koma til greina til s\u00fdningar.<\/div>\n<div>Freyvangsleikh\u00fasi\u00f0 \u00e1skilur s\u00e9r r\u00e9tt til a\u00f0 velja og hafna hva\u00f0a handriti sem er.<\/div>\n<div><\/div>","protected":false},"excerpt":{"rendered":"<p>Freyvangsleikh\u00fasi\u00f0 heldur opna handritasamkeppni fyrir leiksk\u00e1ld af \u00f6llum st\u00e6r\u00f0um og ger\u00f0um. Leikriti\u00f0 sem ver\u00f0ur fyrir valinu ver\u00f0ur sett upp \u00e1 fj\u00f6lum Freyvangsleikh\u00fassins \u00ed byrjun \u00e1rs 2020. \u00dea\u00f0 sem \u00fe\u00fa \u00fearft a\u00f0 gera til a\u00f0 taka \u00fe\u00e1tt: &#8211; Skrifa leikrit \u00ed fullri lengd &#8211; Merkja handriti\u00f0 me\u00f0 dulnefni &#8211; Setja alv\u00f6ru nafni\u00f0 \u00feitt og s\u00edman\u00famer \u00ed [&hellip;]<\/p>\n","protected":false},"author":3,"featured_media":11914,"comment_status":"closed","ping_status":"closed","sticky":false,"template":"","format":"standard","meta":{"_et_pb_use_builder":"","_et_pb_old_content":"","_et_gb_content_width":"","footnotes":""},"categories":[187,213],"tags":[],"class_list":["post-11912","post","type-post","status-publish","format-standard","has-post-thumbnail","hentry","category-allar-frir","category-vikupostur","et-has-post-format-content","et_post_format-et-post-format-standard"],"_links":{"self":[{"href":"https:\/\/leiklist.is\/en\/wp-json\/wp\/v2\/posts\/11912","targetHints":{"allow":["GET"]}}],"collection":[{"href":"https:\/\/leiklist.is\/en\/wp-json\/wp\/v2\/posts"}],"about":[{"href":"https:\/\/leiklist.is\/en\/wp-json\/wp\/v2\/types\/post"}],"author":[{"embeddable":true,"href":"https:\/\/leiklist.is\/en\/wp-json\/wp\/v2\/users\/3"}],"replies":[{"embeddable":true,"href":"https:\/\/leiklist.is\/en\/wp-json\/wp\/v2\/comments?post=11912"}],"version-history":[{"count":0,"href":"https:\/\/leiklist.is\/en\/wp-json\/wp\/v2\/posts\/11912\/revisions"}],"wp:featuredmedia":[{"embeddable":true,"href":"https:\/\/leiklist.is\/en\/wp-json\/"}],"wp:attachment":[{"href":"https:\/\/leiklist.is\/en\/wp-json\/wp\/v2\/media?parent=11912"}],"wp:term":[{"taxonomy":"category","embeddable":true,"href":"https:\/\/leiklist.is\/en\/wp-json\/wp\/v2\/categories?post=11912"},{"taxonomy":"post_tag","embeddable":true,"href":"https:\/\/leiklist.is\/en\/wp-json\/wp\/v2\/tags?post=11912"}],"curies":[{"name":"wp","href":"https:\/\/api.w.org\/{rel}","templated":true}]}}