{"id":11472,"date":"2019-03-04T09:53:58","date_gmt":"2019-03-04T09:53:58","guid":{"rendered":"https:\/\/leiklist.is\/?p=11472"},"modified":"2020-03-02T09:58:53","modified_gmt":"2020-03-02T09:58:53","slug":"leiklistarskoli-bil-2019","status":"publish","type":"post","link":"https:\/\/leiklist.is\/en\/leiklistarskoli-bil-2019\/","title":{"rendered":"Leiklistarsk\u00f3li B\u00cdL 2019"},"content":{"rendered":"<p><strong>Starfst\u00edmi sk\u00f3lans \u00e1 \u00feessu \u00e1ri er fr\u00e1 8. til 16. j\u00fan\u00ed a\u00f0 Reykjask\u00f3la \u00ed Hr\u00fatafir\u00f0i<\/strong><\/p>\n<p class=\"p1\"><a href=\"https:\/\/leiklist.is\/wp-content\/uploads\/2019\/03\/LeiklistarskoliBIL2019.pdf\">B\u00e6klingur sk\u00f3lans starfs\u00e1ri\u00f0 2019 \u00e1 PDF formi<\/a><\/p>\n<hr \/>\n<p><a href=\"https:\/\/leiklist.is\/wp-content\/uploads\/2019\/02\/skolafolk2.jpg\"><img loading=\"lazy\" decoding=\"async\" class=\"alignright wp-image-11474\" src=\"https:\/\/leiklist.is\/wp-content\/uploads\/2019\/02\/skolafolk2-300x83.jpg\" alt=\"\" width=\"360\" height=\"100\" \/><\/a><strong>Kve\u00f0ja fr\u00e1 sk\u00f3lanefnd:<\/strong><\/p>\n<p>&nbsp;<\/p>\n<p>&nbsp;<\/p>\n<p>K\u00e6ru leiklistarvinir!<\/p>\n<p>&nbsp;<\/p>\n<p>\u00dea\u00f0 er okkur s\u00f6nn \u00e1n\u00e6gja a\u00f0 bj\u00f3\u00f0a ykkur velkomin \u00ed Reykjask\u00f3la \u00ed sumar \u00fear sem leiklistarsk\u00f3linn okkar ver\u00f0ur settur \u00ed tuttugasta og \u00feri\u00f0ja sinn. Vi\u00f0 vonum a\u00f0 \u00feetta sk\u00f3la\u00e1r ver\u00f0i sama uppspretta metna\u00f0ar, sk\u00f6punar og gle\u00f0i og veri\u00f0 hefur.<br \/>\nA\u00f0 \u00feessu sinni ver\u00f0a \u00ferj\u00fa fj\u00f6lbreytt n\u00e1mskei\u00f0 \u00ed bo\u00f0i. Vi\u00f0 bj\u00f3\u00f0um velkomna A\u00f0albj\u00f6rgu \u00c1rnad\u00f3ttur sem kennir hj\u00e1 okkur \u00ed fyrsta sinn og mun taka \u00e1 m\u00f3ti n\u00fdjum nemendah\u00f3pi \u00e1 <a href=\"#leiklist1\"><strong>Leiklist I<\/strong><\/a>. Einnig f\u00f6gnum vi\u00f0 \u00fev\u00ed a\u00f0 f\u00e1 \u00c1rna Kristj\u00e1nsson \u00ed kennarah\u00f3pinn okkar. Hann mun sj\u00e1 um <a href=\"#leikritun2\"><strong>Leikritun II<\/strong><\/a> sem er framhald af byrjendan\u00e1mskei\u00f0inu \u00ed leikritun sem Karl \u00c1g\u00fast \u00dalfsson var me\u00f0 \u00ed fyrrasumar. <a href=\"#sernamskeid\"><strong>S\u00e9rn\u00e1mskei\u00f0 \u00ed leiklist<\/strong><\/a> fyrir lengra komna ver\u00f0ur \u00ed h\u00f6ndum hins \u00ferautreynda kennara R\u00fanars Gu\u00f0brandssonar. Bo\u00f0i\u00f0 hefur veri\u00f0 upp \u00e1 samb\u00e6rilegt n\u00e1mskei\u00f0 \u00e1\u00f0ur og afar vel af \u00fev\u00ed l\u00e1ti\u00f0.<br \/>\n\u00de\u00e1 er vert a\u00f0 nefna a\u00f0 vi\u00f0 r\u00e1\u00f0gerum framhaldsn\u00e1mskei\u00f0 n\u00e6sta vetur um \u00fea\u00f0 sem gerist bak vi\u00f0 tj\u00f6ldin \u00ed leikh\u00fasinu. \u00deetta n\u00e1mskei\u00f0 ver\u00f0ur v\u00e6ntanlega \u00ed Reykjav\u00edk \u00ed h\u00f6ndum Evu Bjargar Har\u00f0ard\u00f3ttur en ver\u00f0ur n\u00e1nar augl\u00fdst s\u00ed\u00f0ar.<\/p>\n<p>Hl\u00f6kkum til a\u00f0 sj\u00e1 ykkur \u2013 me\u00f0 bestu kve\u00f0ju,<br \/>\nHrefna, D\u00fdrleif, Herd\u00eds, Hrund og G\u00edsli<\/p>\n<hr \/>\n<p>Skr\u00e1ning \u00ed sk\u00f3lann stendur yfir fr\u00e1 15. mars til 15. apr\u00edl. Ums\u00f3knir skal fylla \u00fat \u00e1 Leiklistarvefnum, <a href=\"https:\/\/leiklist.is\/en\/\">www.leiklist.is<\/a>. Opna\u00f0 ver\u00f0ur fyrir ums\u00f3knir 15. mars.<\/p>\n<p>Reglan <strong>Fyrstur kemur \u2013 fyrstur f\u00e6r<\/strong> gildir vi\u00f0 skr\u00e1ningar gegn grei\u00f0slu sta\u00f0festingargjalds, kr. 40.000, ef innt\u00f6kuskilyr\u00f0um er fulln\u00e6gt a\u00f0 \u00f6\u00f0ru leyti. N\u00e1ist ekki \u00e1s\u00e6ttanlegur fj\u00f6ldi \u00e1 tilteki\u00f0 n\u00e1mskei\u00f0 fellur \u00fea\u00f0 ni\u00f0ur. Aldurstakmark \u00ed sk\u00f3lann er 18 \u00e1r. Sk\u00f3linn hefur sett s\u00e9r reglur, m.a. um umgengni, reykingar og \u00e1fengisneyslu, sem nemendur sam\u00feykkja a\u00f0 fara eftir \u00e1 starfst\u00edma sk\u00f3lans (<em>sj\u00e1 einnig <a href=\"#reglur\">Reglur<\/a> h\u00e9r a\u00f0 ne\u00f0an<\/em>).<\/p>\n<p>Ums\u00f3kn telst gild \u00feegar sta\u00f0festingargjald hefur veri\u00f0 greitt. Grei\u00f0a skal \u00ed s\u00ed\u00f0asta lagi 15. apr\u00edl til Bandalags \u00edsl. leikf\u00e9laga og senda tilkynningu \u00e1 netfangi\u00f0 <a href=\"mailto:info@leiklist.is\">info@leiklist.is<\/a>.<\/p>\n<p>Sta\u00f0festingargjald skal grei\u00f0a vi\u00f0 skr\u00e1ningu til Bandalags \u00edsl. leikf\u00e9laga og tilkynning send \u00e1 netfangi\u00f0 <a href=\"mailto:info@leiklist.is\">info@leiklist.is<\/a>.<span class=\"Apple-converted-space\">\u00a0 <\/span>Grei\u00f0a skal inn \u00e1 reikning:<br \/>\n<b>Kt. 440169-0239 \/ Banki 334-26-5463<\/b><\/p>\n<hr \/>\n<p><strong>Starfst\u00edmi<\/strong> sk\u00f3lans \u00e1 \u00feessu \u00e1ri er fr\u00e1 8. til 16. j\u00fan\u00ed. Sk\u00f3lasetning er laugardaginn 8. j\u00fan\u00ed kl. 9.00 og hefjast n\u00e1mskei\u00f0in strax \u00fear \u00e1 eftir. Nemendur eru velkomnir a\u00f0 Reykjask\u00f3la kv\u00f6ldi\u00f0 fyrir sk\u00f3lasetningu, fr\u00e1 kl. 20.00 en ekki er bo\u00f0i\u00f0 upp \u00e1 kv\u00f6ldver\u00f0. Sk\u00f3laslit eru kl. 12.00 sunnudaginn 16. j\u00fan\u00ed. Vi\u00f0urkenningarskj\u00f6l og merki sk\u00f3lans ver\u00f0a afhent vi\u00f0 sk\u00f3laslit.<\/p>\n<p><strong>A\u00f0sta\u00f0a<\/strong> \u00ed Reykjask\u00f3la: Svefnherbergin eru b\u00fain 2 uppb\u00fanum r\u00famum, \u00fe.e. koddi, s\u00e6ng, lak og s\u00e6ngurf\u00f6t fylgja me\u00f0, litlu bor\u00f0i og tveim st\u00f3lum. Nemendur hafi me\u00f0 s\u00e9r handkl\u00e6\u00f0i og sundf\u00f6t. Sundlaug, gufuba\u00f0 og heitir pottar eru \u00e1 sta\u00f0num. Haldi\u00f0 er lokah\u00f3f s\u00ed\u00f0asta kv\u00f6ldi\u00f0 \u00fear sem f\u00f3lk kl\u00e6\u00f0ir sig upp \u00e1, kve\u00f0ur kennarana s\u00edna og skemmtir hvert \u00f6\u00f0ru me\u00f0 dansi og s\u00f6ng.<\/p>\n<p><strong>\u00de\u00e1ttt\u00f6kugjald<\/strong> \u00e1 n\u00e1mskei\u00f0 er 98.000 kr. Sta\u00f0festingargjald er kr. 40.000 og grei\u00f0ist \u00fea\u00f0 skr\u00e1ningu. Sta\u00f0festingargjald er \u00f3endurkr\u00e6ft nema gegn framv\u00edsun l\u00e6knisvottor\u00f0s. H\u00e6gt er a\u00f0 grei\u00f0a s\u00edmlei\u00f0is me\u00f0 grei\u00f0slukorti.<span class=\"Apple-converted-space\">\u00a0<\/span><\/p>\n<p>Gjaldi\u00f0 skal vera a\u00f0 fullu greitt 10 d\u00f6gum fyrir sk\u00f3lasetningu. Innifali\u00f0 \u00ed \u00fe\u00e1ttt\u00f6kugjaldi er gisting, matur, kennsla og g\u00f6gn.<\/p>\n<p>Me\u00f0limum a\u00f0ildarf\u00e9laga Bandalags \u00edslenskra leikf\u00e9laga er bent \u00e1 a\u00f0 f\u00e9l\u00f6gin geta s\u00f3tt um sm\u00e1 styrk til Bandalagsins ef \u00feau senda nemendur \u00ed sk\u00f3lann.\u00a0S\u00f3tt er um \u00e1 \u00fear til ger\u00f0u ums\u00f3knarformi \u00e1 <a href=\"https:\/\/leiklist.is\/en\/\">Leiklistarvefnum<\/a>.<\/p>\n<p><b>Kennarar sk\u00f3lans og starfsf\u00f3lk:<\/b><\/p>\n<p>Sk\u00f3last\u00fdra \u2014 D\u00fdrleif J\u00f3nsd\u00f3ttir, dillajons@gmail.com<br \/>\nSk\u00f3last\u00fdra \u2014 Hrefna Fri\u00f0riksd\u00f3ttir, hrefnafr@hi.is<br \/>\n<a href=\"#leiklist1\">Leiklist I<\/a> \u2014 A\u00f0albj\u00f6rg \u00c1rnad\u00f3ttir,<span class=\"Apple-converted-space\">\u00a0 <\/span>adalbjorga@gmail.com<span class=\"Apple-converted-space\"><br \/>\n<\/span><a href=\"#leikritun2\">Leikritun II<\/a> \u2014 \u00c1rni Kristj\u00e1nsson, arnikristjans.arkandi@gmail.com<br \/>\n<a href=\"#sernamskeid\">S\u00e9rn\u00e1mskei\u00f0 fyrir leikara<\/a> \u2014 R\u00fanar Gu\u00f0brandsson, labloki@mmedia.is<\/p>\n<p>&nbsp;<\/p>\n<hr \/>\n<p><strong><a href=\"https:\/\/leiklist.is\/wp-content\/uploads\/2019\/02\/A\u00f0albj\u00f6rg-.jpg\"><img loading=\"lazy\" decoding=\"async\" class=\"alignright wp-image-11492\" src=\"https:\/\/leiklist.is\/wp-content\/uploads\/2019\/02\/A\u00f0albj\u00f6rg--300x300.jpg\" alt=\"\" width=\"280\" height=\"280\" \/><\/a><a href=\"https:\/\/leiklist.is\/wp-content\/uploads\/2019\/03\/DramaMasksBLue.png\"><img loading=\"lazy\" decoding=\"async\" class=\"alignleft wp-image-11512\" src=\"https:\/\/leiklist.is\/wp-content\/uploads\/2019\/03\/DramaMasksBLue-300x185.png\" alt=\"\" width=\"80\" height=\"49\" \/><\/a><a id=\"leiklist1\"><\/a>Leiklist I &#8211; A\u00f0albj\u00f6rg \u00c1rnad\u00f3ttir<\/strong><\/p>\n<p>\u00c1 n\u00e1mskei\u00f0inu sko\u00f0um vi\u00f0 list leikarans fr\u00e1 \u00fdmsum hli\u00f0um.<span class=\"Apple-converted-space\">\u00a0<\/span><\/p>\n<p>Nemendur \u00fej\u00e1lfa l\u00edkamsbeitingu, r\u00f6dd, samvinnu, spuna og n\u00e1lgun vi\u00f0 texta. <span class=\"Apple-converted-space\"><br \/>\n<\/span>Vi\u00f0 f\u00f6rum af sta\u00f0 me\u00f0 eftirfarandi spurningar:<br \/>\nHvar og hvernig byrja \u00e9g, \u00feegar \u00e9g tekst \u00e1 vi\u00f0 n\u00fdtt verkefni?<span class=\"Apple-converted-space\"><br \/>\n<\/span>Hvernig veit \u00e9g hva\u00f0 \u00e9g \u00e1 a\u00f0 gera?<span class=\"Apple-converted-space\"><br \/>\n<\/span>Er eitthva\u00f0 eitt r\u00e9tt?<span class=\"Apple-converted-space\"><br \/>\n<\/span>Hvers vegna eru mist\u00f6k fr\u00e1b\u00e6r?<span class=\"Apple-converted-space\"><br \/>\n<\/span>Hver er samningurinn vi\u00f0 \u00e1horfendur ?<\/p>\n<p>Markmi\u00f0 n\u00e1mskei\u00f0sins er a\u00f0 nemendur kynnist sj\u00e1lfst\u00e6\u00f0um vinnua\u00f0fer\u00f0um leikarans og nj\u00f3ti \u00feess a\u00f0 gera tilraunir, mist\u00f6k og meistaraverk.<span class=\"Apple-converted-space\">\u00a0<\/span><\/p>\n<p>A\u00f0albj\u00f6rg \u00c1rnad\u00f3ttir \u00fatskrifa\u00f0ist me\u00f0 BFA gr\u00e1\u00f0u \u00ed leiklist fr\u00e1 Listah\u00e1sk\u00f3la \u00cdslands 2005. H\u00fan starfar sem leikkona og svi\u00f0sh\u00f6fundur. A\u00f0albj\u00f6rg hefur starfa\u00f0 hj\u00e1 Borgarleikh\u00fasinu og Leikf\u00e9lagi Akureyrar og er me\u00f0limur \u00ed svi\u00f0slistah\u00f3punum 16 elskendur og So\u00f0i\u00f0 svi\u00f0. A\u00f0albj\u00f6rg hefur leiki\u00f0 \u00ed kvikmyndum, sj\u00f3nvarps\u00fe\u00e1ttum og \u00fatvarpsleikritum. Sem svi\u00f0sh\u00f6fundur hefur A\u00f0albj\u00f6rg hloti\u00f0 tilnefningar til Gr\u00edmuver\u00f0launa fyrir handrit, dans og svi\u00f0shreyfingar og unni\u00f0 ver\u00f0launin fyrir Sprota \u00e1rsins. <span class=\"Apple-converted-space\">\u00a0<\/span><\/p>\n<p>&nbsp;<\/p>\n<hr \/>\n<p><strong><a href=\"https:\/\/leiklist.is\/wp-content\/uploads\/2019\/02\/\u00c1rniLakehouse.jpg\"><img loading=\"lazy\" decoding=\"async\" class=\"alignright size-medium wp-image-11493\" src=\"https:\/\/leiklist.is\/wp-content\/uploads\/2019\/02\/\u00c1rniLakehouse-300x200.jpg\" alt=\"\" width=\"300\" height=\"200\" \/><\/a><a href=\"https:\/\/leiklist.is\/wp-content\/uploads\/2019\/03\/DramaMasksBLue.png\"><img loading=\"lazy\" decoding=\"async\" class=\"alignleft wp-image-11512\" src=\"https:\/\/leiklist.is\/wp-content\/uploads\/2019\/03\/DramaMasksBLue-300x185.png\" alt=\"\" width=\"80\" height=\"49\" \/><\/a><a id=\"leikritun2\"><\/a>Leikritun II &#8211; \u00c1rni Kristj\u00e1nsson<\/strong><\/p>\n<p>N\u00e1mskei\u00f0i\u00f0 er \u00e6tla\u00f0 \u00feeim sem hafa s\u00f3tt Leikritun I e\u00f0a samb\u00e6rilegt n\u00e1mskei\u00f0 e\u00f0a hafa umtalsver\u00f0a reynslu af ritun og vinnslu leiktexta. Einkum eru \u00feeir sem eru me\u00f0 verk \u00ed sm\u00ed\u00f0um, hvort sem \u00fea\u00f0 er komi\u00f0 langt \u00e1 veg e\u00f0a skammt, hvattir til a\u00f0 taka \u00fe\u00e1tt \u00ed n\u00e1mskei\u00f0inu og n\u00fdta s\u00e9r j\u00e1kv\u00e6tt, skapandi og sty\u00f0jandi andr\u00famsloft.<span class=\"Apple-converted-space\">\u00a0<\/span><\/p>\n<p>Helsta markmi\u00f0 n\u00e1mskei\u00f0sins er a\u00f0 temja s\u00e9r g\u00f3\u00f0 vinnubr\u00f6g\u00f0 \u00feegar kemur a\u00f0 endurskrifum. Rifja\u00f0ar ver\u00f0a upp nokkrar g\u00f3\u00f0ar reglur um leikritun en einnig fari\u00f0 d\u00fdpra ofan \u00ed pers\u00f3nu\u00fer\u00f3un, uppbyggingu verksins og ranns\u00f3knarvinnu h\u00f6fundarins.<\/p>\n<p>\u00c1rni Kristj\u00e1nsson \u00fatskrifa\u00f0ist me\u00f0 MA gr\u00e1\u00f0u \u00ed Leikstj\u00f3rn fr\u00e1 Bristol Old Vic \u00e1ri\u00f0 2016. Hann er einnig me\u00f0 kennslur\u00e9ttindi og BA gr\u00e1\u00f0u \u00ed Fr\u00e6\u00f0i og framkv\u00e6md fr\u00e1 LH\u00cd. \u00c1rni stofna\u00f0i leikh\u00f3pinn Lakehouse me\u00f0 H\u00f6rpu F\u00f6nn Sigurj\u00f3nsd\u00f3ttur, t\u00f3nsk\u00e1ldi og saman settu \u00feau upp \u00cd samhengi vi\u00f0 stj\u00f6rnurnar eftir Nick Payne \u00e1ri\u00f0 2016 og Rej\u00fan\u00edon eftir S\u00f3leyju \u00d3marsd\u00f3ttur \u00e1ri\u00f0 2018 \u00ed Tjarnarb\u00ed\u00f3i. Leikh\u00f3purinn einbeitir s\u00e9r a\u00f0 \u00fer\u00f3un \u00e1 n\u00fdjum \u00edslenskum og erlendum leikverkum.<\/p>\n<p>\u00c1rni hefur kennt leiklist, leikst\u00fdrt og skrifa\u00f0 leikrit og libretto fyrir \u00f3perur. Hann f\u00e9kk Gr\u00edmuna fyrir besta \u00datvarpsleikrit me\u00f0 verki\u00f0 S\u00f6ngur hrafnanna \u00e1ri\u00f0 2014, skrifa\u00f0i \u00f3peruhandrit a\u00f0 Selshamnum \u00e1 \u00d3perud\u00f6gum 2016 og a\u00f0 Plast\u00f3perunni 2018. \u00c1rni hefur kennt leikritun \u00e1 n\u00e1mskei\u00f0um \u00ed Tjarnarb\u00ed\u00f3i, Kvikmyndask\u00f3lanum, Okkar eigin vinnustofunni \u00e1 Flateyri, hj\u00e1 Leikf\u00e9lagi Akureyrar og n\u00fa \u00ed fyrsta sinn \u00ed Bandalagssk\u00f3lanum.<\/p>\n<p>&nbsp;<\/p>\n<hr \/>\n<p><strong><a href=\"https:\/\/leiklist.is\/wp-content\/uploads\/2019\/02\/R\u00fanarGu\u00f0.jpg\"><img loading=\"lazy\" decoding=\"async\" class=\"alignright size-medium wp-image-11432\" src=\"https:\/\/leiklist.is\/wp-content\/uploads\/2019\/02\/R\u00fanarGu\u00f0-200x300.jpg\" alt=\"\" width=\"200\" height=\"300\" \/><\/a><a href=\"https:\/\/leiklist.is\/wp-content\/uploads\/2019\/03\/DramaMasksBLue.png\"><img loading=\"lazy\" decoding=\"async\" class=\"alignleft wp-image-11512\" src=\"https:\/\/leiklist.is\/wp-content\/uploads\/2019\/03\/DramaMasksBLue-300x185.png\" alt=\"\" width=\"80\" height=\"49\" \/><\/a><a id=\"sernamskeid\"><\/a>S\u00e9rn\u00e1mskei\u00f0 fyrir leikara- R\u00fanar Gu\u00f0brandsson<\/strong><\/p>\n<p>S\u00e9rn\u00e1mskei\u00f0 \u00ed leiklist, \u00e6tla\u00f0 \u00feeim sem s\u00f3tt hafa Leiklist I og II e\u00f0a samb\u00e6rileg grunnn\u00e1mskei\u00f0 e\u00f0a hafa umtalsver\u00f0a reynslu af svi\u00f0sleik.<\/p>\n<p>\u00c1 n\u00e1mskei\u00f0inu ver\u00f0a kynntir mismunandi leikst\u00edlar og \u00f3l\u00edkar a\u00f0fer\u00f0ir vi\u00f0 a\u00f0 greina og t\u00falka leikverk. N\u00e1mskei\u00f0i\u00f0 ver\u00f0ur a\u00f0 hluta til fr\u00e6\u00f0ilegt, en einkum \u00fe\u00f3 verklegt. \u00de\u00e1tttakendum ver\u00f0a sendar stuttar senur til a\u00f0 kynna s\u00e9r (og helst a\u00f0 l\u00e6ra utan a\u00f0) \u00e1\u00f0ur en n\u00e1mskei\u00f0i\u00f0 hefst. Hver dagur hefst \u00e1 fyrirlestri, fyrirspurnum og umr\u00e6\u00f0um um tiltekinn leikst\u00edl, \u00fev\u00ed n\u00e6st ver\u00f0ur vorksjoppa\u00f0 \u00ed nokkra stund, \u00fear sem allur h\u00f3purinn vinnur saman me\u00f0 \u00e6fingar og hugmyndir tengdar vi\u00f0komandi leikst\u00edl. Seinni partinn vinnur f\u00f3lk \u00ed sm\u00e6rri h\u00f3pum og p\u00f6rum me\u00f0 \u00e1\u00f0urnefndar senur og spreytir sig \u00e1 a\u00f0 beita \u00feeim hugmyndum sem kynntar hafa veri\u00f0. \u00cd lok dagsins ver\u00f0ur svo afraksturinn sko\u00f0a\u00f0ur og r\u00e6ddur. S\u00ed\u00f0ustu dagana vinnur svo hver h\u00f3pur (p\u00f6r) eina senu \u00ed einum tilteknum st\u00edl og flytur hana a\u00f0 lokum fyrir \u00e1horfendur.<\/p>\n<p>Leikst\u00edlar sem unni\u00f0 ver\u00f0ur me\u00f0: Commedia dellarte. Kerfi Stanislavskys (Stanislavskys system) og amer\u00edska met\u00f3\u00f0an (The American method, t.d. hugmyndir Lee Strassberg, Stellu Adler, Sanford Meisner). Leikst\u00edll Bertolds Brecht (Ep\u00edska leikh\u00fasi\u00f0). F\u00e1t\u00e6ka leikh\u00fasi\u00f0, (Jerzy Grotowski). Dansleikh\u00fas&#8230; og hugsanlega eitthva\u00f0 fleira. A\u00f0 auki f\u00e1 \u00fe\u00e1tttakendur lesefni til fr\u00f3\u00f0leiks og er \u00e6skilegt a\u00f0 \u00feeir s\u00e9u l\u00e6sir \u00e1 enska tungu.<\/p>\n<p>R\u00fanar Gu\u00f0brandsson nam upphaflega leiklist \u00ed Danm\u00f6rku og starfa\u00f0i \u00fear sem leikari um \u00e1rabil, me\u00f0 \u00fdmsum leikh\u00f3pum. Frekari \u00fej\u00e1lfun hlaut hann m.a. hj\u00e1 Odin leikh\u00fasinu \u00ed Holsterbro, hj\u00e1 leikh\u00f3pi Jerzy Grotowskis \u00ed Wroclaw \u00ed P\u00f3llandi, Dario Fo \u00e1 \u00cdtal\u00edu, Jury Alschitz \u00ed Kaupmannah\u00f6fn og v\u00ed\u00f0ar, og Anatoly Vasiliev \u00ed Moskvu. R\u00fanar lauk MA og MPhil gr\u00e1\u00f0um \u00ed leiklistar- fr\u00e6\u00f0um og leikstj\u00f3rn fr\u00e1 De Montfort h\u00e1sk\u00f3lanum \u00ed Leicester \u00e1 Englandi og hefur loki\u00f0 fyrri hluta doktorsn\u00e1ms \u00ed fr\u00e6\u00f0unum. Hann hefur leikst\u00fdrt fj\u00f6lda leiks\u00fdninga h\u00e9rlendis og erlendis og fengist vi\u00f0 leiklistarkennslu og \u00fej\u00e1lfun leikara v\u00ed\u00f0a \u00ed Evr\u00f3pu. R\u00fanar var fyrsti pr\u00f3fessor \u00ed leikt\u00falkun vi\u00f0 Listah\u00e1sk\u00f3la \u00cdslands. Hann hefur reki\u00f0 leiksmi\u00f0juna Lab Loka s\u00ed\u00f0an 1992, stj\u00f3rna\u00f0 \u00fej\u00e1lfun h\u00f3psins og st\u00fdrt flestum verkefnum hans h\u00e9rlendis og erlendis. Hann hefur auk \u00feess fengist vi\u00f0 \u00fdmis konar tilraunastarfsemi \u00e1 vettvangi kvikmynda og gj\u00f6rningalistar.<\/p>\n<p>\u00deetta er \u00ed \u00e1ttunda sinn sem R\u00fanar kennir vi\u00f0 sk\u00f3lann.<\/p>\n<hr \/>\n<p><strong><a id=\"reglur\"><\/a>Reglur sk\u00f3lans<\/strong><\/p>\n<p>Nemendur sj\u00e1 sj\u00e1lfir um \u00ferif \u00e1 s\u00ednum herbergjum og ganga a\u00f0 \u00f6\u00f0ru leyti vel um alla sameiginlega a\u00f0st\u00f6\u00f0u, svo sem sk\u00f3lastofur, ganga og salerni.<\/p>\n<p>Reglur \u00edslenskra heimavistarsk\u00f3la um reykingar og \u00e1fengisneyslu gilda h\u00e9r nema \u00ed \u00feeim undantekningartilfellum sem sk\u00f3last\u00fdrur \u00e1kve\u00f0a.<\/p>\n<p>Tillit skal taka til \u00feeirra sem fara fyrr a\u00f0 sofa en a\u00f0rir \u00e1 kv\u00f6ldin. Svefnstyggum er bent \u00e1 a\u00f0 eyrnatappar eru \u00fearfa\u00feing \u00fear sem margir ganga um \u00e1 mismunandi t\u00edmum. Ef \u00f6llum l\u00ed\u00f0ur vel n\u00e6st mesti hugsanlegi \u00e1rangur \u00ed starfi og leik!<\/p>\n<p>Sk\u00f3last\u00fdrurnar D\u00fdrleif J\u00f3nsd\u00f3ttir og Hrefna Fri\u00f0riksd\u00f3ttir ver\u00f0a nemendum og kennurum til a\u00f0sto\u00f0ar alla vikuna. Hiki\u00f0 ekki vi\u00f0 a\u00f0 leita til \u00feeirra ef eitthva\u00f0 amar a\u00f0.<\/p>\n<p>Ef \u00fei\u00f0 eigi\u00f0 von \u00e1 gestum \u00ed sk\u00f3lann sem \u00feurfa mat e\u00f0a gistingu skal skilyr\u00f0islaust f\u00e1 leyfi hj\u00e1 sk\u00f3last\u00fdrum og starfsf\u00f3lki sk\u00f3lans og er s\u00e1 sem gestinn f\u00e6r jafnframt \u00e1byrgur fyrir grei\u00f0slum vegna \u00feessa.<\/p>","protected":false},"excerpt":{"rendered":"<p>Starfst\u00edmi sk\u00f3lans \u00e1 \u00feessu \u00e1ri er fr\u00e1 8. til 16. j\u00fan\u00ed a\u00f0 Reykjask\u00f3la \u00ed Hr\u00fatafir\u00f0i B\u00e6klingur sk\u00f3lans starfs\u00e1ri\u00f0 2019 \u00e1 PDF formi Kve\u00f0ja fr\u00e1 sk\u00f3lanefnd: &nbsp; &nbsp; K\u00e6ru leiklistarvinir! &nbsp; \u00dea\u00f0 er okkur s\u00f6nn \u00e1n\u00e6gja a\u00f0 bj\u00f3\u00f0a ykkur velkomin \u00ed Reykjask\u00f3la \u00ed sumar \u00fear sem leiklistarsk\u00f3linn okkar ver\u00f0ur settur \u00ed tuttugasta og \u00feri\u00f0ja sinn. Vi\u00f0 [&hellip;]<\/p>\n","protected":false},"author":3,"featured_media":0,"comment_status":"closed","ping_status":"closed","sticky":false,"template":"","format":"standard","meta":{"_et_pb_use_builder":"","_et_pb_old_content":"","_et_gb_content_width":"","footnotes":""},"categories":[190,229],"tags":[],"class_list":["post-11472","post","type-post","status-publish","format-standard","hentry","category-skn","category-nam-og-namskeid","et-doesnt-have-format-content","et_post_format-et-post-format-standard"],"_links":{"self":[{"href":"https:\/\/leiklist.is\/en\/wp-json\/wp\/v2\/posts\/11472","targetHints":{"allow":["GET"]}}],"collection":[{"href":"https:\/\/leiklist.is\/en\/wp-json\/wp\/v2\/posts"}],"about":[{"href":"https:\/\/leiklist.is\/en\/wp-json\/wp\/v2\/types\/post"}],"author":[{"embeddable":true,"href":"https:\/\/leiklist.is\/en\/wp-json\/wp\/v2\/users\/3"}],"replies":[{"embeddable":true,"href":"https:\/\/leiklist.is\/en\/wp-json\/wp\/v2\/comments?post=11472"}],"version-history":[{"count":0,"href":"https:\/\/leiklist.is\/en\/wp-json\/wp\/v2\/posts\/11472\/revisions"}],"wp:attachment":[{"href":"https:\/\/leiklist.is\/en\/wp-json\/wp\/v2\/media?parent=11472"}],"wp:term":[{"taxonomy":"category","embeddable":true,"href":"https:\/\/leiklist.is\/en\/wp-json\/wp\/v2\/categories?post=11472"},{"taxonomy":"post_tag","embeddable":true,"href":"https:\/\/leiklist.is\/en\/wp-json\/wp\/v2\/tags?post=11472"}],"curies":[{"name":"wp","href":"https:\/\/api.w.org\/{rel}","templated":true}]}}