{"id":11426,"date":"2019-02-25T09:23:02","date_gmt":"2019-02-25T09:23:02","guid":{"rendered":"https:\/\/leiklist.is\/?p=11426"},"modified":"2020-03-02T10:03:28","modified_gmt":"2020-03-02T10:03:28","slug":"11426-2","status":"publish","type":"post","link":"https:\/\/leiklist.is\/en\/11426-2\/","title":{"rendered":"S\u00fdning Rau\u00f0a sk\u00e1ldah\u00fassins"},"content":{"rendered":"<p>\u00c1 al\u00fej\u00f3\u00f0legum degi kvenna \u00feann 8. mars fer fram 8. s\u00fdning <a href=\"http:\/\/raudaskaldahusid.com\/\">Rau\u00f0a sk\u00e1ldah\u00fassins<\/a>, sem ver\u00f0ur eing\u00f6ngu skipu\u00f0 konum. Rau\u00f0a sk\u00e1ldah\u00fasi\u00f0 heldur uppi lj\u00f3\u00f0aveislum \u00ed leikh\u00fasanda sem fara fram \u00ed I\u00f0n\u00f3 fj\u00f3rum sinnum \u00e1 \u00e1ri \u00fear sem lj\u00f3\u00f0alestri er blanda\u00f0 saman vi\u00f0 leikh\u00fas, kabarett, b\u00f6rlesk, sirk\u00fas og t\u00f3nlist.<\/p>\n<div>\n<p>I\u00f0n\u00f3 er breytt \u00ed athvarf listamanna sem \u00e6ttu vel heima \u00e1 3. \u00e1ratug s\u00ed\u00f0ustu aldar. Gestir geta versla\u00f0 einkalestra me\u00f0 sk\u00e1ldum kv\u00f6ldsins, l\u00e1ti\u00f0 sp\u00e1 fyrir s\u00e9r, dansa\u00f0, drukki\u00f0 og blanda\u00f0 ge\u00f0i vi\u00f0 hvort anna\u00f0.<\/p>\n<div>\n<div>\n<div>Rau\u00f0a sk\u00e1ldah\u00fasi\u00f0 hefur fest sig \u00ed sessi sem reglulegur menningarvi\u00f0bur\u00f0ur sem hefur h\u00fdst sk\u00e1ld jafn \u00f3l\u00edk og Sj\u00f3n, Krist\u00ednu \u00d3marsd\u00f3ttur, Hallgr\u00edm Helgason, Krist\u00ednu Eir\u00edksd\u00f3ttur og K\u00f6tt Gr\u00e1 Pj\u00e9.<\/div>\n<div>Sj\u00f3n l\u00e9t hafa eftir s\u00e9r um vi\u00f0bur\u00f0inn \u00ed mars fyrir \u00e1ri s\u00ed\u00f0an: &#8222;\u00deetta er \u00e1g\u00e6tis \u00e1minning um \u00fea\u00f0 af hverju \u00e9g f\u00f3r \u00fat \u00ed sk\u00e1ldskap yfirleitt.&#8220;<\/div>\n<div>A\u00f0alsk\u00e1ld s\u00fdningarinnar er El\u00edsabet J\u00f6kulsd\u00f3ttir, sem hlaut n\u00fdlega vi\u00f0urkenningu Rith\u00f6fundasj\u00f3\u00f0s R\u00edkis\u00fatvarpsins fyrir s\u00edn ritst\u00f6rf og gaf einnig n\u00fdlega \u00fat lj\u00f3\u00f0ab\u00f3kina\u00a0<i>Stjarna \u00e1 himni: L\u00edtil s\u00e1l sem aldrei komst til jar\u00f0ar<\/i> sem fjallar um f\u00f3sturmissi og hefur n\u00e1nast veri\u00f0 uppseld fr\u00e1 \u00fev\u00ed h\u00fan komst \u00ed prent.<\/div>\n<div>\n<div><\/div>\n<div>Skemmtiatri\u00f0i eru af \u00fdmsum toga n\u00fa sem fyrr, m.a. t\u00e6lir b\u00f6rlesk drottningin Mar\u00eda Callista \u00far D\u00f6mum og herra vi\u00f0stadda og t\u00f3nlistarkonurnar Ska\u00f0i og \u00cdRiiS syngja og spila fyrir gesti. Gestir geta einnig fengi\u00f0 tarot sp\u00e1 fr\u00e1 norninni Sn\u00e6uglu, sem er l\u00edklegast betur \u00feekkt sem B\u00e1ra Halld\u00f3rsd\u00f3ttir e\u00f0a Klaustur B\u00e1ra &#8211; og eins og al\u00fej\u00f3\u00f0 veit \u00fe\u00e1 getur h\u00fan sp\u00e1\u00f0 fyrir um \u00fdmsa \u00f3or\u00f0na vi\u00f0bur\u00f0i.<\/div>\n<div>\u00deema kv\u00f6ldsins er &#8216;Nornasei\u00f0ur&#8217;, og mega \u00e1horfendur b\u00faast vi\u00f0 kukli \u00ed bland vi\u00f0 kyn\u00feokka fr\u00e1 nornum h\u00fassins. P\u00f3kermyntir eru seldar \u00e1 sta\u00f0num sem m\u00e1 n\u00fdta \u00ed a\u00f0 kaupa einkalestra me\u00f0 sk\u00e1ldum kv\u00f6ldsins e\u00f0a tarot sp\u00e1. A\u00f0 sj\u00e1lfs\u00f6g\u00f0u er barinn opinn, og gestir hvattir til a\u00f0 dansa og skemmta s\u00e9r.<\/div>\n<div><\/div>\n<div>Frekari uppl\u00fdsingar m\u00e1 finna \u00e1\u00a0<a href=\"https:\/\/www.facebook.com\/events\/326861344618248\/\">facebook vi\u00f0bur\u00f0i s\u00fdningar<\/a>, og mi\u00f0asalan er \u00e1\u00a0<a href=\"https:\/\/tix.is\/is\/event\/7613\/rau-a-skaldahusi-the-poetry-brothel-reykjavik\/\">tix.is<\/a><\/div>\n<div>Mi\u00f0aver\u00f0 er 3000 kr\u00f3nur \u00ed fors\u00f6lu, en 3500 kr\u00f3nur vi\u00f0 hur\u00f0. 50% nemendaafsl\u00e1ttur er \u00ed bo\u00f0i.<\/div>\n<\/div>\n<\/div>\n<\/div>\n<\/div>","protected":false},"excerpt":{"rendered":"<p>\u00c1 al\u00fej\u00f3\u00f0legum degi kvenna \u00feann 8. mars fer fram 8. s\u00fdning Rau\u00f0a sk\u00e1ldah\u00fassins, sem ver\u00f0ur eing\u00f6ngu skipu\u00f0 konum. Rau\u00f0a sk\u00e1ldah\u00fasi\u00f0 heldur uppi lj\u00f3\u00f0aveislum \u00ed leikh\u00fasanda sem fara fram \u00ed I\u00f0n\u00f3 fj\u00f3rum sinnum \u00e1 \u00e1ri \u00fear sem lj\u00f3\u00f0alestri er blanda\u00f0 saman vi\u00f0 leikh\u00fas, kabarett, b\u00f6rlesk, sirk\u00fas og t\u00f3nlist. I\u00f0n\u00f3 er breytt \u00ed athvarf listamanna sem \u00e6ttu [&hellip;]<\/p>\n","protected":false},"author":3,"featured_media":11427,"comment_status":"closed","ping_status":"closed","sticky":false,"template":"","format":"standard","meta":{"_et_pb_use_builder":"","_et_pb_old_content":"","_et_gb_content_width":"","footnotes":""},"categories":[187,213],"tags":[],"class_list":["post-11426","post","type-post","status-publish","format-standard","has-post-thumbnail","hentry","category-allar-frir","category-vikupostur","et-has-post-format-content","et_post_format-et-post-format-standard"],"_links":{"self":[{"href":"https:\/\/leiklist.is\/en\/wp-json\/wp\/v2\/posts\/11426","targetHints":{"allow":["GET"]}}],"collection":[{"href":"https:\/\/leiklist.is\/en\/wp-json\/wp\/v2\/posts"}],"about":[{"href":"https:\/\/leiklist.is\/en\/wp-json\/wp\/v2\/types\/post"}],"author":[{"embeddable":true,"href":"https:\/\/leiklist.is\/en\/wp-json\/wp\/v2\/users\/3"}],"replies":[{"embeddable":true,"href":"https:\/\/leiklist.is\/en\/wp-json\/wp\/v2\/comments?post=11426"}],"version-history":[{"count":0,"href":"https:\/\/leiklist.is\/en\/wp-json\/wp\/v2\/posts\/11426\/revisions"}],"wp:featuredmedia":[{"embeddable":true,"href":"https:\/\/leiklist.is\/en\/wp-json\/"}],"wp:attachment":[{"href":"https:\/\/leiklist.is\/en\/wp-json\/wp\/v2\/media?parent=11426"}],"wp:term":[{"taxonomy":"category","embeddable":true,"href":"https:\/\/leiklist.is\/en\/wp-json\/wp\/v2\/categories?post=11426"},{"taxonomy":"post_tag","embeddable":true,"href":"https:\/\/leiklist.is\/en\/wp-json\/wp\/v2\/tags?post=11426"}],"curies":[{"name":"wp","href":"https:\/\/api.w.org\/{rel}","templated":true}]}}