{"id":11321,"date":"2019-01-24T09:51:33","date_gmt":"2019-01-24T09:51:33","guid":{"rendered":"https:\/\/leiklist.is\/?p=11321"},"modified":"2020-03-02T10:14:19","modified_gmt":"2020-03-02T10:14:19","slug":"leiklistarnamskeid-fyrir-nylida-2","status":"publish","type":"post","link":"https:\/\/leiklist.is\/en\/leiklistarnamskeid-fyrir-nylida-2\/","title":{"rendered":"Leiklistarn\u00e1mskei\u00f0 fyrir n\u00fdli\u00f0a"},"content":{"rendered":"<div class=\"entry-content clearfix\">\u00cd febr\u00faar stendur Leikf\u00e9lag K\u00f3pavogs fyrir leiklistarn\u00e1mskei\u00f0i sem \u00e6tla\u00f0 er n\u00fdli\u00f0um og f\u00f3lki me\u00f0 minni leikreynslu. Fari\u00f0 ver\u00f0ur \u00ed \u00fdmis grunnatri\u00f0i svi\u00f0sleiks og \u00e1hersla l\u00f6g\u00f0 \u00e1 prakt\u00edska n\u00e1lgun. Lei\u00f0beinandi \u00e1 n\u00e1mskei\u00f0inu er H\u00f6r\u00f0ur Sigur\u00f0arson sem kennt hefur \u00e1 svipu\u00f0um n\u00e1mskei\u00f0um hj\u00e1 leikf\u00e9laginu undanfarin \u00e1r.<\/div>\n<div><\/div>\n<div class=\"entry-content clearfix\">N\u00e1mskei\u00f0i\u00f0 ver\u00f0ur 18 klst. \u00ed heildina, 3 klst. \u00ed senn \u00ed 6 skipti\u00a0og aldurstakmark er 21 \u00e1rs. N\u00e1mskei\u00f0i\u00f0 fer fram \u00ed Leikh\u00fasinu, Funalind 2 og n\u00e1mskei\u00f0sgjald er 10.000 kr. fyrir utanf\u00e9lagsmenn en skr\u00e1\u00f0ir f\u00e9lagsmenn grei\u00f0a 2.500 kr. N\u00e1nari uppl\u00fdsingar um n\u00e1mskei\u00f0i\u00f0 er h\u00e6gt a\u00f0 f\u00e1 \u00e1 <a href=\"https:\/\/kopleik.is\/leiklistarnamskeid-fyrir-nylida-3\/\">vef LK<\/a>.<\/div>","protected":false},"excerpt":{"rendered":"<p>\u00cd febr\u00faar stendur Leikf\u00e9lag K\u00f3pavogs fyrir leiklistarn\u00e1mskei\u00f0i sem \u00e6tla\u00f0 er n\u00fdli\u00f0um og f\u00f3lki me\u00f0 minni leikreynslu. Fari\u00f0 ver\u00f0ur \u00ed \u00fdmis grunnatri\u00f0i svi\u00f0sleiks og \u00e1hersla l\u00f6g\u00f0 \u00e1 prakt\u00edska n\u00e1lgun. Lei\u00f0beinandi \u00e1 n\u00e1mskei\u00f0inu er H\u00f6r\u00f0ur Sigur\u00f0arson sem kennt hefur \u00e1 svipu\u00f0um n\u00e1mskei\u00f0um hj\u00e1 leikf\u00e9laginu undanfarin \u00e1r. N\u00e1mskei\u00f0i\u00f0 ver\u00f0ur 18 klst. \u00ed heildina, 3 klst. \u00ed senn \u00ed [&hellip;]<\/p>\n","protected":false},"author":3,"featured_media":11323,"comment_status":"closed","ping_status":"closed","sticky":false,"template":"","format":"standard","meta":{"_et_pb_use_builder":"","_et_pb_old_content":"","_et_gb_content_width":"","footnotes":""},"categories":[187,200,213],"tags":[],"class_list":["post-11321","post","type-post","status-publish","format-standard","has-post-thumbnail","hentry","category-allar-frir","category-markvert","category-vikupostur","et-has-post-format-content","et_post_format-et-post-format-standard"],"_links":{"self":[{"href":"https:\/\/leiklist.is\/en\/wp-json\/wp\/v2\/posts\/11321","targetHints":{"allow":["GET"]}}],"collection":[{"href":"https:\/\/leiklist.is\/en\/wp-json\/wp\/v2\/posts"}],"about":[{"href":"https:\/\/leiklist.is\/en\/wp-json\/wp\/v2\/types\/post"}],"author":[{"embeddable":true,"href":"https:\/\/leiklist.is\/en\/wp-json\/wp\/v2\/users\/3"}],"replies":[{"embeddable":true,"href":"https:\/\/leiklist.is\/en\/wp-json\/wp\/v2\/comments?post=11321"}],"version-history":[{"count":0,"href":"https:\/\/leiklist.is\/en\/wp-json\/wp\/v2\/posts\/11321\/revisions"}],"wp:featuredmedia":[{"embeddable":true,"href":"https:\/\/leiklist.is\/en\/wp-json\/"}],"wp:attachment":[{"href":"https:\/\/leiklist.is\/en\/wp-json\/wp\/v2\/media?parent=11321"}],"wp:term":[{"taxonomy":"category","embeddable":true,"href":"https:\/\/leiklist.is\/en\/wp-json\/wp\/v2\/categories?post=11321"},{"taxonomy":"post_tag","embeddable":true,"href":"https:\/\/leiklist.is\/en\/wp-json\/wp\/v2\/tags?post=11321"}],"curies":[{"name":"wp","href":"https:\/\/api.w.org\/{rel}","templated":true}]}}