{"id":11317,"date":"2019-01-23T09:10:57","date_gmt":"2019-01-23T09:10:57","guid":{"rendered":"https:\/\/leiklist.is\/?p=11317"},"modified":"2020-03-02T10:14:19","modified_gmt":"2020-03-02T10:14:19","slug":"halft-ar-i-rvk-fringe","status":"publish","type":"post","link":"https:\/\/leiklist.is\/en\/halft-ar-i-rvk-fringe\/","title":{"rendered":"H\u00e1lft \u00e1r \u00ed RVK Fringe"},"content":{"rendered":"<div>Laugardaginn n\u00e6stkomandi fer fram kynningarh\u00f3f Reykjav\u00edk Fringe Festival, e\u00f0a &#8222;H\u00e1lft \u00e1r \u00ed RVK Fringe&#8220; part\u00fd \u00e1 Hlemmur Square. H\u00e9r m\u00e1 finna <a href=\"https:\/\/www.facebook.com\/events\/281954685836646\/\">facebook vi\u00f0bur\u00f0 h\u00f3fsins<\/a>.<\/div>\n<div>Fram koma \u00fdmsir listamenn sem a\u00f0 t\u00f3ku \u00fe\u00e1tt \u00ed s\u00ed\u00f0ustu h\u00e1t\u00ed\u00f0 og\/e\u00f0a munu taka \u00fe\u00e1tt \u00ed n\u00e6stu h\u00e1t\u00ed\u00f0, og s\u00e9r uppistandarinn Jono Duffy um a\u00f0 vera kynnir kv\u00f6ldsins.<\/div>\n<div><\/div>\n<div>Skemmtiatri\u00f0i eru \u00ed h\u00f6ndum sk\u00e1ldsins El\u00edsabetar J\u00f6kulsd\u00f3ttur og Rau\u00f0a sk\u00e1ldah\u00fassins, sem b\u00fd\u00f0ur upp \u00e1 einkalestra me\u00f0 El\u00edas Kn\u00f6rr, Ingunni L\u00e1ru og Ragnhei\u00f0i Erlu og tarot sp\u00e1 \u00ed h\u00f6ndum B\u00e1ru Halld\u00f3rsd\u00f3ttur. Burlesque drottningin Mar\u00eda Callista \u00far kabarett h\u00f3pnum D\u00f6mur og herra heillar vi\u00f0stadda upp \u00far sk\u00f3num og drag drottningin Deff Starr gerir sl\u00edkt hi\u00f0 sama. T\u00f3nlistarkonan \u00cdris Thorarins leikur lifandi t\u00f3nlist vi\u00f0 t\u00f6lvuleikinn Abz\u00fa og hip hop bandi\u00f0 Regn spilar fyrir gesti \u00ed lok kv\u00f6lds, en Svan\u00fd Sif tekur \u00e1 m\u00f3ti gestum me\u00f0 eldgleypingum.<\/div>\n<div>A\u00f0gangur er \u00f3keypis og eru l\u00e9ttar veigar \u00e1 bo\u00f0st\u00f3lum. Vi\u00f0bur\u00f0urinn fer fram milli klukkan 20-23 og er styrktur af <a href=\"http:\/\/hlemmursquare.com\/\">Hlemmur Square<\/a>.<\/div>\n<div><\/div>\n<div><a href=\"http:\/\/rvkfringe.is\/\">Reykjav\u00edk Fringe Festival<\/a> er listah\u00e1t\u00ed\u00f0 sem a\u00f0 styrkir vi\u00f0 gr\u00f3skuna \u00ed listaheimi landsins. H\u00e1t\u00ed\u00f0in f\u00f3r fyrst fram sumari\u00f0 2018, en fer fram \u00ed anna\u00f0 sinn 29. j\u00fan\u00ed til 6. j\u00fal\u00ed 2019. H\u00e1t\u00ed\u00f0in er opin \u00f6llum listformum, og mi\u00f0aver\u00f0i er haldi\u00f0 \u00ed l\u00e1gmarki svo allir \u00e6ttu a\u00f0 finna eitthva\u00f0 vi\u00f0 sitt h\u00e6fi, hvort sem \u00fea\u00f0 er leiklist, dans, uppistand, m\u00e1lverkas\u00fdningar, t\u00f3nlist, kabarett, drag, sirk\u00fas, barnas\u00fdningar, skemmtiatri\u00f0i utandyra, gj\u00f6rningar e\u00f0a lj\u00f3\u00f0 til a\u00f0 nefna d\u00e6mi.<\/div>\n<div><\/div>\n<div>\n<div>A\u00f0standendur h\u00e1t\u00ed\u00f0arinnar ver\u00f0a me\u00f0 stutta kynningu \u00e1 h\u00e1t\u00ed\u00f0inni sj\u00e1lfri \u00e1 laugardagskv\u00f6ld og kynna aukalegan ums\u00f3knarfrest fyrir listamenn sem koma me\u00f0 s\u00edn eigin s\u00fdningarh\u00fasn\u00e6\u00f0i, en almennur ums\u00f3knarfrestur rann \u00fat 30. desember s\u00ed\u00f0astli\u00f0inn. B\u00e1rust fj\u00f6ldamargar ums\u00f3knir fr\u00e1 40 l\u00f6ndum, svo b\u00faast m\u00e1 vi\u00f0 fj\u00f6lbreyttri og skemmtilegri h\u00e1t\u00ed\u00f0 \u00ed sumar.<\/div>\n<div>Fr\u00e1 1.-14. febr\u00faar ver\u00f0ur \u00ed bo\u00f0i svokalla\u00f0 BringYourOwnVenue ums\u00f3knarferli fyrir listamenn, \u00fear sem \u00feau geta s\u00f3tt um a\u00f0 vera partur af h\u00e1t\u00ed\u00f0inni me\u00f0 s\u00fdningar sem fara fram \u00ed heimah\u00fasum, str\u00e6t\u00f3sk\u00fdlum, sk\u00f3lastofum e\u00f0a hvar sem er sem \u00feau hafa grei\u00f0an a\u00f0gang a\u00f0.<\/div>\n<\/div>\n<div><\/div>\n<div>Frekari uppl\u00fdsingar um h\u00e1t\u00ed\u00f0ina m\u00e1 finna \u00e1 <a href=\"http:\/\/rvkfringe.is\/\">rvkfringe.is<\/a>\u00a0og \u00e1 samf\u00e9lagsmi\u00f0lum.<\/div>","protected":false},"excerpt":{"rendered":"<p>Laugardaginn n\u00e6stkomandi fer fram kynningarh\u00f3f Reykjav\u00edk Fringe Festival, e\u00f0a &#8222;H\u00e1lft \u00e1r \u00ed RVK Fringe&#8220; part\u00fd \u00e1 Hlemmur Square. H\u00e9r m\u00e1 finna facebook vi\u00f0bur\u00f0 h\u00f3fsins. Fram koma \u00fdmsir listamenn sem a\u00f0 t\u00f3ku \u00fe\u00e1tt \u00ed s\u00ed\u00f0ustu h\u00e1t\u00ed\u00f0 og\/e\u00f0a munu taka \u00fe\u00e1tt \u00ed n\u00e6stu h\u00e1t\u00ed\u00f0, og s\u00e9r uppistandarinn Jono Duffy um a\u00f0 vera kynnir kv\u00f6ldsins. Skemmtiatri\u00f0i eru \u00ed [&hellip;]<\/p>\n","protected":false},"author":3,"featured_media":11319,"comment_status":"closed","ping_status":"closed","sticky":false,"template":"","format":"standard","meta":{"_et_pb_use_builder":"","_et_pb_old_content":"","_et_gb_content_width":"","footnotes":""},"categories":[187,200,213],"tags":[],"class_list":["post-11317","post","type-post","status-publish","format-standard","has-post-thumbnail","hentry","category-allar-frir","category-markvert","category-vikupostur","et-has-post-format-content","et_post_format-et-post-format-standard"],"_links":{"self":[{"href":"https:\/\/leiklist.is\/en\/wp-json\/wp\/v2\/posts\/11317","targetHints":{"allow":["GET"]}}],"collection":[{"href":"https:\/\/leiklist.is\/en\/wp-json\/wp\/v2\/posts"}],"about":[{"href":"https:\/\/leiklist.is\/en\/wp-json\/wp\/v2\/types\/post"}],"author":[{"embeddable":true,"href":"https:\/\/leiklist.is\/en\/wp-json\/wp\/v2\/users\/3"}],"replies":[{"embeddable":true,"href":"https:\/\/leiklist.is\/en\/wp-json\/wp\/v2\/comments?post=11317"}],"version-history":[{"count":0,"href":"https:\/\/leiklist.is\/en\/wp-json\/wp\/v2\/posts\/11317\/revisions"}],"wp:featuredmedia":[{"embeddable":true,"href":"https:\/\/leiklist.is\/en\/wp-json\/"}],"wp:attachment":[{"href":"https:\/\/leiklist.is\/en\/wp-json\/wp\/v2\/media?parent=11317"}],"wp:term":[{"taxonomy":"category","embeddable":true,"href":"https:\/\/leiklist.is\/en\/wp-json\/wp\/v2\/categories?post=11317"},{"taxonomy":"post_tag","embeddable":true,"href":"https:\/\/leiklist.is\/en\/wp-json\/wp\/v2\/tags?post=11317"}],"curies":[{"name":"wp","href":"https:\/\/api.w.org\/{rel}","templated":true}]}}