{"id":11164,"date":"2018-10-16T09:15:48","date_gmt":"2018-10-16T09:15:48","guid":{"rendered":"https:\/\/leiklist.is\/?p=11164"},"modified":"2018-10-16T09:15:48","modified_gmt":"2018-10-16T09:15:48","slug":"andlatsfregn","status":"publish","type":"post","link":"https:\/\/leiklist.is\/en\/andlatsfregn\/","title":{"rendered":"Andl\u00e1tsfregn"},"content":{"rendered":"<p>J\u00f3n\u00edna Kristj\u00e1nsd\u00f3ttir, fyrrverandi forma\u00f0ur Bandalags \u00edslenskra leikf\u00e9laga, l\u00e9st \u00feann 1. okt\u00f3ber s.l. 96 \u00e1ra g\u00f6mul.<\/p>\n<p>\u00c1ri\u00f0 1963 byrja\u00f0i J\u00f3n\u00edna a\u00f0 leika me\u00f0 Leikf\u00e9lagi Keflav\u00edkur og var h\u00fan forma\u00f0ur f\u00e9lagsins til fj\u00f6lda \u00e1ra. \u00cd kj\u00f6lfari\u00f0 s\u00f3tti h\u00fan s\u00e9r \u00feekkingu \u00e1 svi\u00f0i leiklistar og leikstj\u00f3rnar \u00e1 fj\u00f6lm\u00f6rgum n\u00e1mskei\u00f0um sem haldin voru v\u00ed\u00f0a \u00e1 nor\u00f0url\u00f6ndum. H\u00fan starfa\u00f0i s\u00ed\u00f0an sem leikstj\u00f3ri og leikst\u00fdr\u00f0i yfir 20 leikritum v\u00ed\u00f0s vegar um landi\u00f0. J\u00f3n\u00edna var forma\u00f0ur Bandalags \u00edslenskra leikf\u00e9laga fr\u00e1 1974 til 1980, sat fyrir h\u00f6nd \u00feess \u00ed stj\u00f3rn Norr\u00e6na \u00e1hugaleikh\u00fasr\u00e1\u00f0sins, Nordisk Amat\u00f6r Teaterr\u00e5d, t\u00f3k \u00fe\u00e1tt \u00ed stofnun Menningarsambands aldra\u00f0ra \u00e1 Nor\u00f0url\u00f6ndum, Samnordisk Pensonist Kultur, og sat \u00ed stj\u00f3rn \u00feess 1982-1991. H\u00fan var ein af stofnendum F\u00e9lags eldri borgara \u00e1 Su\u00f0urnesjum og var lengi forma\u00f0ur, h\u00fan var einnig gjaldkeri \u00ed stj\u00f3rn Landsambands aldra\u00f0ra. \u00de\u00e1 var h\u00fan ein af stofendum k\u00f3rs eldri borgara \u00e1 Su\u00f0urnesjum, Eldey.<\/p>\n<p>J\u00f3n\u00edna ver\u00f0ur jar\u00f0sungin 19. okt\u00f3ber n.k. fr\u00e1 Keflav\u00edkurkirkju.<\/p>\n<p>Stj\u00f3rn, a\u00f0ildarf\u00e9l\u00f6g og starfsf\u00f3lk Bandalags \u00edslenskra leikf\u00e9laga \u00feakka J\u00f3n\u00ednu af alhug fyrir st\u00f6rf hennar \u00ed \u00fe\u00e1gu hreyfingarinnar og sendir fj\u00f6lskyldu hennar innilegar sam\u00fa\u00f0arkve\u00f0jur. Blessu\u00f0 s\u00e9 minning J\u00f3n\u00ednu Kristj\u00e1nsd\u00f3ttur.<\/p>","protected":false},"excerpt":{"rendered":"<p>J\u00f3n\u00edna Kristj\u00e1nsd\u00f3ttir, fyrrverandi forma\u00f0ur Bandalags \u00edslenskra leikf\u00e9laga, l\u00e9st \u00feann 1. okt\u00f3ber s.l. 96 \u00e1ra g\u00f6mul. \u00c1ri\u00f0 1963 byrja\u00f0i J\u00f3n\u00edna a\u00f0 leika me\u00f0 Leikf\u00e9lagi Keflav\u00edkur og var h\u00fan forma\u00f0ur f\u00e9lagsins til fj\u00f6lda \u00e1ra. \u00cd kj\u00f6lfari\u00f0 s\u00f3tti h\u00fan s\u00e9r \u00feekkingu \u00e1 svi\u00f0i leiklistar og leikstj\u00f3rnar \u00e1 fj\u00f6lm\u00f6rgum n\u00e1mskei\u00f0um sem haldin voru v\u00ed\u00f0a \u00e1 nor\u00f0url\u00f6ndum. H\u00fan starfa\u00f0i s\u00ed\u00f0an [&hellip;]<\/p>\n","protected":false},"author":3,"featured_media":11152,"comment_status":"closed","ping_status":"closed","sticky":false,"template":"","format":"standard","meta":{"_et_pb_use_builder":"","_et_pb_old_content":"","_et_gb_content_width":"","footnotes":""},"categories":[187,213],"tags":[],"class_list":["post-11164","post","type-post","status-publish","format-standard","has-post-thumbnail","hentry","category-allar-frir","category-vikupostur","et-has-post-format-content","et_post_format-et-post-format-standard"],"_links":{"self":[{"href":"https:\/\/leiklist.is\/en\/wp-json\/wp\/v2\/posts\/11164","targetHints":{"allow":["GET"]}}],"collection":[{"href":"https:\/\/leiklist.is\/en\/wp-json\/wp\/v2\/posts"}],"about":[{"href":"https:\/\/leiklist.is\/en\/wp-json\/wp\/v2\/types\/post"}],"author":[{"embeddable":true,"href":"https:\/\/leiklist.is\/en\/wp-json\/wp\/v2\/users\/3"}],"replies":[{"embeddable":true,"href":"https:\/\/leiklist.is\/en\/wp-json\/wp\/v2\/comments?post=11164"}],"version-history":[{"count":0,"href":"https:\/\/leiklist.is\/en\/wp-json\/wp\/v2\/posts\/11164\/revisions"}],"wp:featuredmedia":[{"embeddable":true,"href":"https:\/\/leiklist.is\/en\/wp-json\/"}],"wp:attachment":[{"href":"https:\/\/leiklist.is\/en\/wp-json\/wp\/v2\/media?parent=11164"}],"wp:term":[{"taxonomy":"category","embeddable":true,"href":"https:\/\/leiklist.is\/en\/wp-json\/wp\/v2\/categories?post=11164"},{"taxonomy":"post_tag","embeddable":true,"href":"https:\/\/leiklist.is\/en\/wp-json\/wp\/v2\/tags?post=11164"}],"curies":[{"name":"wp","href":"https:\/\/api.w.org\/{rel}","templated":true}]}}