{"id":1111,"date":"2006-12-07T10:13:54","date_gmt":"2006-12-07T10:13:54","guid":{"rendered":"http:\/\/wp.leiklist.is\/?p=1111"},"modified":"2006-12-07T10:13:54","modified_gmt":"2006-12-07T10:13:54","slug":"varaig-atninu-jg","status":"publish","type":"post","link":"https:\/\/leiklist.is\/en\/varaig-atninu-jg\/","title":{"rendered":"Vara\u00f0u \u00feig \u00e1 vatninu \u0096 J\u00f3las\u00fdning"},"content":{"rendered":"<p> Laugardaginn 9. desember s\u00fdnir Leikf\u00e9lag Mosfellssveitar j\u00f3las\u00fdningu \u00e1 verkinu Vara\u00f0u \u00feig \u00e1 vatninu eftir Woody Allen \u00ed leikstj\u00f3rn Gu\u00f0j\u00f3ns \u00deorsteins P\u00e1lmarssonar.  <\/p>\n<p> Mi\u00f0aver\u00f0 ver\u00f0ur a\u00f0eins kr. 1.200 \u00e1 \u00feessa s\u00fdningu og bo\u00f0i\u00f0 ver\u00f0ur upp \u00e1 j\u00f3lagl\u00f6gg og pipark\u00f6kur \u00ed hl\u00e9i. Einnig munu \u00fer\u00edr heppnir leikh\u00fasgestir hafa me\u00f0 s\u00e9r j\u00f3latr\u00e9 heim. <\/p>\n<p>  <!--more--> Leikriti\u00f0 gerist \u00e1 t\u00edmum kalda str\u00ed\u00f0sins og fjallar um bandar\u00edska fj\u00f6lskyldu sem leitar skj\u00f3ls \u00ed bandar\u00edska sendir\u00e1\u00f0inu \u00ed V\u00falgar\u00edu eftir a\u00f0 hafa teki\u00f0 \u00fear lj\u00f3smyndir \u00e1 bannsv\u00e6\u00f0i. \u00d3v\u00e6ntir atbur\u00f0ir setja svip sinn \u00e1 leikriti\u00f0 og \u00fatlit er fyrir a\u00f0 \u00fea\u00f0 eigi eftir a\u00f0 reynast fj\u00f6lskyldunni erfitt a\u00f0 komast aftur til s\u00edns heima.<\/p>\n<p> S\u00fdnt ver\u00f0ur \u00ed B\u00e6jarleikh\u00fasinu \u00ed Mosfellsb\u00e6.<br \/> S\u00fdning hefst kl. 20.00<br \/> Mi\u00f0apantanir eru \u00ed s\u00edma 566 7788 <\/p>","protected":false},"excerpt":{"rendered":"<p>Laugardaginn 9. desember s\u00fdnir Leikf\u00e9lag Mosfellssveitar j\u00f3las\u00fdningu \u00e1 verkinu Vara\u00f0u \u00feig \u00e1 vatninu eftir Woody Allen \u00ed leikstj\u00f3rn Gu\u00f0j\u00f3ns \u00deorsteins P\u00e1lmarssonar. Mi\u00f0aver\u00f0 ver\u00f0ur a\u00f0eins kr. 1.200 \u00e1 \u00feessa s\u00fdningu og bo\u00f0i\u00f0 ver\u00f0ur upp \u00e1 j\u00f3lagl\u00f6gg og pipark\u00f6kur \u00ed hl\u00e9i. Einnig munu \u00fer\u00edr heppnir leikh\u00fasgestir hafa me\u00f0 s\u00e9r j\u00f3latr\u00e9 heim.<\/p>","protected":false},"author":3,"featured_media":1110,"comment_status":"open","ping_status":"open","sticky":false,"template":"","format":"standard","meta":{"_et_pb_use_builder":"","_et_pb_old_content":"","_et_gb_content_width":"","footnotes":""},"categories":[187],"tags":[],"class_list":["post-1111","post","type-post","status-publish","format-standard","has-post-thumbnail","hentry","category-allar-frir","et-has-post-format-content","et_post_format-et-post-format-standard"],"_links":{"self":[{"href":"https:\/\/leiklist.is\/en\/wp-json\/wp\/v2\/posts\/1111","targetHints":{"allow":["GET"]}}],"collection":[{"href":"https:\/\/leiklist.is\/en\/wp-json\/wp\/v2\/posts"}],"about":[{"href":"https:\/\/leiklist.is\/en\/wp-json\/wp\/v2\/types\/post"}],"author":[{"embeddable":true,"href":"https:\/\/leiklist.is\/en\/wp-json\/wp\/v2\/users\/3"}],"replies":[{"embeddable":true,"href":"https:\/\/leiklist.is\/en\/wp-json\/wp\/v2\/comments?post=1111"}],"version-history":[{"count":0,"href":"https:\/\/leiklist.is\/en\/wp-json\/wp\/v2\/posts\/1111\/revisions"}],"wp:featuredmedia":[{"embeddable":true,"href":"https:\/\/leiklist.is\/en\/wp-json\/"}],"wp:attachment":[{"href":"https:\/\/leiklist.is\/en\/wp-json\/wp\/v2\/media?parent=1111"}],"wp:term":[{"taxonomy":"category","embeddable":true,"href":"https:\/\/leiklist.is\/en\/wp-json\/wp\/v2\/categories?post=1111"},{"taxonomy":"post_tag","embeddable":true,"href":"https:\/\/leiklist.is\/en\/wp-json\/wp\/v2\/tags?post=1111"}],"curies":[{"name":"wp","href":"https:\/\/api.w.org\/{rel}","templated":true}]}}