{"id":1104,"date":"2006-12-01T12:01:51","date_gmt":"2006-12-01T12:01:51","guid":{"rendered":"http:\/\/wp.leiklist.is\/?p=1104"},"modified":"2006-12-01T12:01:51","modified_gmt":"2006-12-01T12:01:51","slug":"j-hugleiks","status":"publish","type":"post","link":"https:\/\/leiklist.is\/en\/j-hugleiks\/","title":{"rendered":"J\u00f3lab\u00f3nus Hugleiks"},"content":{"rendered":"<p>N\u00fa fer a\u00f0ventan \u00ed h\u00f6nd og \u00fe\u00e1 er hef\u00f0 fyrir \u00fev\u00ed a\u00f0 leikf\u00e9lagi\u00f0 Hugleikur breg\u00f0i s\u00e9r \u00ed j\u00f3laf\u00f6tin og skemmti s\u00e9r og \u00f6\u00f0rum sem aldrei fyrr. J\u00f3ladagskr\u00e1 Hugleiks heitir a\u00f0 \u00feessu sinni J\u00f3lab\u00f3nus og ver\u00f0ur framin \u00ed \u00dej\u00f3\u00f0leikh\u00faskjallaranum \u00feri\u00f0judaginn 5. og fimmtudaginn 7. desember klukkan 21.00. <\/p>\n<p> Leikf\u00e9lagi\u00f0 Hugleikur f\u00e9kk \u00e1 d\u00f6gunum vi\u00f0urkenningu \u00e1 degi \u00edslenskrar tungu fyrir n\u00fdsk\u00f6pun \u00ed leikritun, \u00fat\u00farsn\u00faning \u00fdmiskonar \u00e1 tungum\u00e1linu og allskyns me\u00f0fer\u00f0 \u00e1 menningararfinum. F\u00e9lagi\u00f0 s\u00e9r \u00fev\u00ed s\u00f3ma sinn, sem aldrei fyrr, \u00ed a\u00f0 vinna af atorku a\u00f0 \u00feessu \u00f6llu saman, n\u00fa \u00e1 vi\u00f0urkenndan h\u00e1tt. Og sjaldan \u00far jafnmiklu a\u00f0 mo\u00f0a og einmitt \u00feegar kemur a\u00f0 j\u00f3lunum.  <!--more--> A\u00f0 \u00feessu sinni ver\u00f0a \u00ed bo\u00f0i fj\u00f3rir ein\u00fe\u00e1ttungar eftir jafnmarga h\u00f6funda \u00ed leikstj\u00f3rn jafnmargra f\u00e9lagsmanna en eru \u00feeir leiknir af miklu fleirum. Ein\u00fe\u00e1ttungarnir sem \u00ed bo\u00f0i eru a\u00f0 \u00feessu sinni eru:<\/p>\n<p> <strong>B\u00f3nusf\u00f6rin<\/strong> eftir \u00de\u00f3runni Gu\u00f0mundsd\u00f3ttur \u00ed leikstj\u00f3rn Sigur\u00f0ar H. P\u00e1lssonar<br \/> <strong>J\u00f3lasveinar eru l\u00edka kynverur<\/strong> eftir N\u00ednu B. J\u00f3nsd\u00f3ttur \u00ed leikstj\u00f3rn Sigr\u00ed\u00f0ar L\u00e1ru Sigurj\u00f3nsd\u00f3ttur<br \/> <strong>Miki\u00f0 fyrir b\u00f6rn<\/strong> \u00de\u00f3runn Gu\u00f0mundsd\u00f3ttir og Hrefna Fri\u00f0riksd\u00f3ttir. Innbl\u00e1si\u00f0 af l\u00f6gum og textum af j\u00f3ladisknum &quot;\u00dea\u00f0 besta vi\u00f0 j\u00f3lin&quot; <br \/> <strong>Skur\u00f0ur <\/strong>eftir Sigur\u00f0 H. P\u00e1lsson \u00ed leikstj\u00f3rn Gu\u00f0mundar Erlingssonar<\/p>\n<p> Auk \u00feess ver\u00f0ur \u00e1 bo\u00f0st\u00f3lnum Hugleikr\u00e6n j\u00f3lat\u00f3nlist \u00far \u00fdmsum \u00e1ttum, m.a. \u00ed flutningi s\u00f6ngsveitarinnar Hj\u00e1r\u00f3ms og st\u00f3rsveitarinnar Lj\u00f3tu h\u00e1lfvitanna. Ekki er s\u00ed\u00f0an loku fyrir \u00fea\u00f0 skoti\u00f0 a\u00f0 eitthva\u00f0 ver\u00f0i gripi\u00f0 \u00ed j\u00f3laf\u00f6ndur.<\/p>\n<p> Hugleikur hefur \u00e1 undanf\u00f6rnum \u00e1rum gert nokku\u00f0 af \u00fev\u00ed a\u00f0 s\u00fdna dagskr\u00e1r ein\u00fe\u00e1ttunga \u00far smi\u00f0ju f\u00e9lagsmanna. J\u00f3ladagskr\u00e1rnar hafa \u00fe\u00f3 veri\u00f0 nokku\u00f0 s\u00e9r \u00e1 parti, en \u00fea\u00f0 var \u00e1ri\u00f0 2000 sem nokkur j\u00f3lab\u00f6rn innan f\u00e9lagsins t\u00f3ku sig til og settu saman dagskr\u00e1na Rau\u00f0 j\u00f3l, sem s\u00fdnd var \u00ed Kaffileikh\u00fasinu. S\u00ed\u00f0an hefur t\u00ed\u00f0kast a\u00f0 Hugleikur j\u00f3li fyrir landsmenn \u00e1 a\u00f0ventunni. <\/p>","protected":false},"excerpt":{"rendered":"<p>N\u00fa fer a\u00f0ventan \u00ed h\u00f6nd og \u00fe\u00e1 er hef\u00f0 fyrir \u00fev\u00ed a\u00f0 leikf\u00e9lagi\u00f0 Hugleikur breg\u00f0i s\u00e9r \u00ed j\u00f3laf\u00f6tin og skemmti s\u00e9r og \u00f6\u00f0rum sem aldrei fyrr. J\u00f3ladagskr\u00e1 Hugleiks heitir a\u00f0 \u00feessu sinni J\u00f3lab\u00f3nus og ver\u00f0ur framin \u00ed \u00dej\u00f3\u00f0leikh\u00faskjallaranum \u00feri\u00f0judaginn 5. og fimmtudaginn 7. desember klukkan 21.00. Leikf\u00e9lagi\u00f0 Hugleikur f\u00e9kk \u00e1 d\u00f6gunum vi\u00f0urkenningu \u00e1 degi \u00edslenskrar [&hellip;]<\/p>\n","protected":false},"author":3,"featured_media":1103,"comment_status":"open","ping_status":"open","sticky":false,"template":"","format":"standard","meta":{"_et_pb_use_builder":"","_et_pb_old_content":"","_et_gb_content_width":"","footnotes":""},"categories":[187],"tags":[],"class_list":["post-1104","post","type-post","status-publish","format-standard","has-post-thumbnail","hentry","category-allar-frir","et-has-post-format-content","et_post_format-et-post-format-standard"],"_links":{"self":[{"href":"https:\/\/leiklist.is\/en\/wp-json\/wp\/v2\/posts\/1104","targetHints":{"allow":["GET"]}}],"collection":[{"href":"https:\/\/leiklist.is\/en\/wp-json\/wp\/v2\/posts"}],"about":[{"href":"https:\/\/leiklist.is\/en\/wp-json\/wp\/v2\/types\/post"}],"author":[{"embeddable":true,"href":"https:\/\/leiklist.is\/en\/wp-json\/wp\/v2\/users\/3"}],"replies":[{"embeddable":true,"href":"https:\/\/leiklist.is\/en\/wp-json\/wp\/v2\/comments?post=1104"}],"version-history":[{"count":0,"href":"https:\/\/leiklist.is\/en\/wp-json\/wp\/v2\/posts\/1104\/revisions"}],"wp:featuredmedia":[{"embeddable":true,"href":"https:\/\/leiklist.is\/en\/wp-json\/"}],"wp:attachment":[{"href":"https:\/\/leiklist.is\/en\/wp-json\/wp\/v2\/media?parent=1104"}],"wp:term":[{"taxonomy":"category","embeddable":true,"href":"https:\/\/leiklist.is\/en\/wp-json\/wp\/v2\/categories?post=1104"},{"taxonomy":"post_tag","embeddable":true,"href":"https:\/\/leiklist.is\/en\/wp-json\/wp\/v2\/tags?post=1104"}],"curies":[{"name":"wp","href":"https:\/\/api.w.org\/{rel}","templated":true}]}}