{"id":1081,"date":"2006-11-22T09:46:56","date_gmt":"2006-11-22T09:46:56","guid":{"rendered":"http:\/\/wp.leiklist.is\/?p=1081"},"modified":"2006-11-22T09:46:56","modified_gmt":"2006-11-22T09:46:56","slug":"smijveinsins-eikhu","status":"publish","type":"post","link":"https:\/\/leiklist.is\/en\/smijveinsins-eikhu\/","title":{"rendered":"Smi\u00f0ur j\u00f3lasveinsins \u00ed M\u00f6guleikh\u00fasinu"},"content":{"rendered":"<p>M\u00f6guleikh\u00fasi\u00f0 er um \u00feessar mundir a\u00f0 hefja a\u00f0 n\u00fdju s\u00fdningar \u00e1 barnaleikritinu Smi\u00f0ur j\u00f3lasveinanna, eftir P\u00e9tur Eggerz. Leikriti\u00f0 var fyrst s\u00fdnt fyrir j\u00f3lin 1992 og hefur allar g\u00f6tur s\u00ed\u00f0an noti\u00f0 mikilla vins\u00e6lda, var m.a. gefi\u00f0 \u00fat \u00e1 geisladiski fyrir j\u00f3lin 1993.<\/p>\n<p> \u00cd leikritinu segir fr\u00e1 V\u00f6lundi gamla sem situr \u00ed litla kofanum s\u00ednum h\u00e1tt upp til fjalla. V\u00f6lundur er smi\u00f0urinn sem s\u00e9r um a\u00f0 sm\u00ed\u00f0a allar gjafirnar sem j\u00f3lasveinarnir f\u00e6ra b\u00f6rnunum \u00e1 j\u00f3lunum. Eftir a\u00f0 s\u00ed\u00f0ustu sveinarnir eru farnir til bygg\u00f0a er einmanalegt \u00ed kotinu. \u00de\u00e1 birtast \u00f3v\u00e6ntir gestir, tr\u00f6llab\u00f6rnin \u00deusa og \u00derasi sem aldrei hafa heyrt tala\u00f0 um j\u00f3lin og sj\u00e1lfur j\u00f3lak\u00f6tturinn, sem er h\u00e6ttur a\u00f0 fara til bygg\u00f0a. V\u00f6lundur tekur vel \u00e1 m\u00f3ti \u00feeim og saman rifja \u00feau upp s\u00f6guna af f\u00e6\u00f0ingu Jes\u00fa. \u00deeim \u00feykir sagan svo skemmtileg a\u00f0 \u00feau \u00e1kve\u00f0a a\u00f0 leika hana saman.<\/p>\n<p> Smi\u00f0ur j\u00f3lasveinanna ver\u00f0ur s\u00fdndur \u00ed M\u00f6guleikh\u00fasinu vi\u00f0 Hlemm sunnudaginn 26. n\u00f3vember kl. 14:00 en s\u00fdningum s\u00ed\u00f0an fram haldi\u00f0 \u00ed grunn- og leiksk\u00f3lum \u00e1 h\u00f6fu\u00f0borgarsv\u00e6\u00f0inu.<\/p>\n<p> Leikstj\u00f3ri s\u00fdningarinnar er P\u00e9tur Eggerz, sem einnig hanna\u00f0i leikmynd \u00e1samt Bjarna Ingvarssyni, t\u00f3nlist ger\u00f0i Ingvi \u00de\u00f3r Korm\u00e1ksson og b\u00faningah\u00f6nnu\u00f0ur Helga R\u00fan P\u00e1lsd\u00f3ttir. Leikarar eru Bjarni Ingvarsson, \u00c1sta Sighvats \u00d3lafsd\u00f3ttir, Alda Arnard\u00f3ttir og P\u00e9tur Eggerz. <\/p>","protected":false},"excerpt":{"rendered":"<p>M\u00f6guleikh\u00fasi\u00f0 er um \u00feessar mundir a\u00f0 hefja a\u00f0 n\u00fdju s\u00fdningar \u00e1 barnaleikritinu Smi\u00f0ur j\u00f3lasveinanna, eftir P\u00e9tur Eggerz. Leikriti\u00f0 var fyrst s\u00fdnt fyrir j\u00f3lin 1992 og hefur allar g\u00f6tur s\u00ed\u00f0an noti\u00f0 mikilla vins\u00e6lda, var m.a. gefi\u00f0 \u00fat \u00e1 geisladiski fyrir j\u00f3lin 1993. \u00cd leikritinu segir fr\u00e1 V\u00f6lundi gamla sem situr \u00ed litla kofanum s\u00ednum h\u00e1tt upp [&hellip;]<\/p>\n","protected":false},"author":3,"featured_media":1080,"comment_status":"open","ping_status":"open","sticky":false,"template":"","format":"standard","meta":{"_et_pb_use_builder":"","_et_pb_old_content":"","_et_gb_content_width":"","footnotes":""},"categories":[187],"tags":[],"class_list":["post-1081","post","type-post","status-publish","format-standard","has-post-thumbnail","hentry","category-allar-frir","et-has-post-format-content","et_post_format-et-post-format-standard"],"_links":{"self":[{"href":"https:\/\/leiklist.is\/en\/wp-json\/wp\/v2\/posts\/1081","targetHints":{"allow":["GET"]}}],"collection":[{"href":"https:\/\/leiklist.is\/en\/wp-json\/wp\/v2\/posts"}],"about":[{"href":"https:\/\/leiklist.is\/en\/wp-json\/wp\/v2\/types\/post"}],"author":[{"embeddable":true,"href":"https:\/\/leiklist.is\/en\/wp-json\/wp\/v2\/users\/3"}],"replies":[{"embeddable":true,"href":"https:\/\/leiklist.is\/en\/wp-json\/wp\/v2\/comments?post=1081"}],"version-history":[{"count":0,"href":"https:\/\/leiklist.is\/en\/wp-json\/wp\/v2\/posts\/1081\/revisions"}],"wp:featuredmedia":[{"embeddable":true,"href":"https:\/\/leiklist.is\/en\/wp-json\/"}],"wp:attachment":[{"href":"https:\/\/leiklist.is\/en\/wp-json\/wp\/v2\/media?parent=1081"}],"wp:term":[{"taxonomy":"category","embeddable":true,"href":"https:\/\/leiklist.is\/en\/wp-json\/wp\/v2\/categories?post=1081"},{"taxonomy":"post_tag","embeddable":true,"href":"https:\/\/leiklist.is\/en\/wp-json\/wp\/v2\/tags?post=1081"}],"curies":[{"name":"wp","href":"https:\/\/api.w.org\/{rel}","templated":true}]}}