{"id":1064,"date":"2006-11-14T13:06:42","date_gmt":"2006-11-14T13:06:42","guid":{"rendered":"http:\/\/wp.leiklist.is\/?p=1064"},"modified":"2006-11-14T13:06:42","modified_gmt":"2006-11-14T13:06:42","slug":"herra-kolbert-einungis-kureyri","status":"publish","type":"post","link":"https:\/\/leiklist.is\/en\/herra-kolbert-einungis-kureyri\/","title":{"rendered":"Herra Kolbert einungis \u00e1 Akureyri"},"content":{"rendered":"<p> Vegna fj\u00f6lda fyrirspurna og \u00e1skorana vill LA koma eftirfarandi \u00e1 framf\u00e6ri:<\/p>\n<p> Engin \u00e1form eru uppi um a\u00f0 s\u00fdna Herra Kolbert n\u00e9 n\u00e6stu uppsetningar LA \u00ed Reykjav\u00edk. Uppsetningunni \u00e1 Herra Kolbert hefur veri\u00f0 afar vel teki\u00f0 og ver\u00f0ur h\u00fan s\u00fdnd \u00e1 Akureyri \u00ed n\u00f3vember og desember. S\u00ed\u00f0asta s\u00fdning \u00e1 Herra Kolbert ver\u00f0ur 16. desember. <\/p>\n<\/p>\n<p> &nbsp; <\/p>\n<p>  <!--more--> Ekki skapast svigr\u00fam til leikfer\u00f0ar \u00ed h\u00f6fu\u00f0borgina enda n\u00e6sta verk, Svartur K\u00f6ttur, v\u00e6ntanlegt \u00e1 fjalirnar flj\u00f3tlega \u00ed kj\u00f6lfari\u00f0. \u00c1\u00e6tlun vetrarins hj\u00e1 LA er afar \u00fe\u00e9tt og gert r\u00e1\u00f0 fyrir st\u00edfu s\u00fdningarhaldi \u00ed leikh\u00fasinu \u00e1 Akureyri.  Leikh\u00fasfer\u00f0ir til Akureyrar hafa noti\u00f0 mikilla vins\u00e6lda s\u00ed\u00f0ustu misseri og allir hjartanlega velkomnir nor\u00f0ur.<\/p>\n<p> S\u00fdningahald LA er me\u00f0 \u00feeim h\u00e6tti a\u00f0 s\u00fdningar eru s\u00fdndar \u00ed afmarka\u00f0an t\u00edma en reynt er a\u00f0 brug\u00f0ist er vi\u00f0 aukinni eftirspurn me\u00f0 \u00fev\u00ed a\u00f0 b\u00e6ta vi\u00f0 aukas\u00fdningum innan \u00feess t\u00edmaramma sem hverri uppsetningu er \u00e6tla\u00f0.<\/p>\n<p> \u00cd fyrra voru tv\u00e6r uppsetningar LA, Fullkomi\u00f0 br\u00fa\u00f0kaup og Litla hryllignsb\u00fa\u00f0in, s\u00fdndar \u00e1 fj\u00f6lum \u00ed Reykjav\u00edk vi\u00f0 miklar vins\u00e6ldir. \u00dear var um undantekningar a\u00f0 r\u00e6\u00f0a.<\/p>\n<p> Herra Kolbert hefur hloti\u00f0 afbrag\u00f0sd\u00f3ma og mikil eftirspurn er eftir mi\u00f0um. <\/p>","protected":false},"excerpt":{"rendered":"<p>Vegna fj\u00f6lda fyrirspurna og \u00e1skorana vill LA koma eftirfarandi \u00e1 framf\u00e6ri: Engin \u00e1form eru uppi um a\u00f0 s\u00fdna Herra Kolbert n\u00e9 n\u00e6stu uppsetningar LA \u00ed Reykjav\u00edk. Uppsetningunni \u00e1 Herra Kolbert hefur veri\u00f0 afar vel teki\u00f0 og ver\u00f0ur h\u00fan s\u00fdnd \u00e1 Akureyri \u00ed n\u00f3vember og desember. S\u00ed\u00f0asta s\u00fdning \u00e1 Herra Kolbert ver\u00f0ur 16. desember. &nbsp;<\/p>","protected":false},"author":3,"featured_media":1063,"comment_status":"open","ping_status":"open","sticky":false,"template":"","format":"standard","meta":{"_et_pb_use_builder":"","_et_pb_old_content":"","_et_gb_content_width":"","footnotes":""},"categories":[187],"tags":[],"class_list":["post-1064","post","type-post","status-publish","format-standard","has-post-thumbnail","hentry","category-allar-frir","et-has-post-format-content","et_post_format-et-post-format-standard"],"_links":{"self":[{"href":"https:\/\/leiklist.is\/en\/wp-json\/wp\/v2\/posts\/1064","targetHints":{"allow":["GET"]}}],"collection":[{"href":"https:\/\/leiklist.is\/en\/wp-json\/wp\/v2\/posts"}],"about":[{"href":"https:\/\/leiklist.is\/en\/wp-json\/wp\/v2\/types\/post"}],"author":[{"embeddable":true,"href":"https:\/\/leiklist.is\/en\/wp-json\/wp\/v2\/users\/3"}],"replies":[{"embeddable":true,"href":"https:\/\/leiklist.is\/en\/wp-json\/wp\/v2\/comments?post=1064"}],"version-history":[{"count":0,"href":"https:\/\/leiklist.is\/en\/wp-json\/wp\/v2\/posts\/1064\/revisions"}],"wp:featuredmedia":[{"embeddable":true,"href":"https:\/\/leiklist.is\/en\/wp-json\/"}],"wp:attachment":[{"href":"https:\/\/leiklist.is\/en\/wp-json\/wp\/v2\/media?parent=1064"}],"wp:term":[{"taxonomy":"category","embeddable":true,"href":"https:\/\/leiklist.is\/en\/wp-json\/wp\/v2\/categories?post=1064"},{"taxonomy":"post_tag","embeddable":true,"href":"https:\/\/leiklist.is\/en\/wp-json\/wp\/v2\/tags?post=1064"}],"curies":[{"name":"wp","href":"https:\/\/api.w.org\/{rel}","templated":true}]}}