{"id":10638,"date":"2018-05-23T12:21:00","date_gmt":"2018-05-23T12:21:00","guid":{"rendered":"https:\/\/leiklist.is\/?p=10638"},"modified":"2020-02-26T14:22:03","modified_gmt":"2020-02-26T14:22:03","slug":"adalfundur-i-logalandi-5-6-mai-2018","status":"publish","type":"post","link":"https:\/\/leiklist.is\/en\/adalfundur-i-logalandi-5-6-mai-2018\/","title":{"rendered":"A\u00f0alfundur \u00ed Logalandi 5.-6. ma\u00ed 2018"},"content":{"rendered":"<p class=\"p1\"><em>Forma\u00f0ur Bandalagsins, Gu\u00f0finna Gunnarsd\u00f3ttir setur fundinn kl. 13:00.<\/em><\/p>\n<p class=\"p1\"><strong>1. Fundarsetning. Kosning 2ja fundarstj\u00f3ra og 2ja fundarritara sem taka \u00feegar til starfa. L\u00f6gm\u00e6ti fundarins kanna\u00f0.<br \/>\n<\/strong>\u00deorvaldur J\u00f3nsson og Steinunn Gar\u00f0arsd\u00f3ttir fr\u00e1 Umf. Reykd\u00e6la skipa\u00f0ir fundarstj\u00f3rar og Ingveldur L\u00e1ra \u00de\u00f3r\u00f0ard\u00f3ttir Leikf\u00e9lagi Hafnarfjar\u00f0ar og Magn\u00fe\u00f3ra Kristj\u00e1nsd\u00f3ttir Leikf\u00e9lagi \u00d6lfuss skipa\u00f0ir fundarritarar. Fundur telst l\u00f6gm\u00e6tur.<\/p>\n<p class=\"p1\"><strong>2. Kj\u00f6rnefnd afgrei\u00f0ir kj\u00f6rbr\u00e9f og afhendir atkv\u00e6\u00f0aspj\u00f6ld, sk\u00fdrir st\u00f6\u00f0u m\u00e1la var\u00f0andi stj\u00f3rnarkj\u00f6r og augl\u00fdsir eftir till\u00f6gum.<br \/>\n<\/strong>Kj\u00f6rbr\u00e9f afgreidd og atkv\u00e6\u00f0aspj\u00f6ldum dreift. D\u00fdrleif J\u00f3nsd\u00f3ttir Hugleik sag\u00f0i fr\u00e1 st\u00f6\u00f0u m\u00e1la \u00ed stj\u00f3rnarkj\u00f6ri og l\u00fdsti eftir frambo\u00f0um. Kosi\u00f0 ver\u00f0ur um \u00ferj\u00e1 a\u00f0almenn og tvo varamenn.<\/p>\n<p class=\"p1\"><strong>3. Menningarstefna Bandalagsins lesin og r\u00e6dd.<br \/>\n<\/strong>Eftir a\u00f0 fundarmenn h\u00f6f\u00f0u sta\u00f0i\u00f0 upp og kynnt sig las Sigr\u00ed\u00f0ur Hafsteinsd\u00f3ttir Leikf\u00e9lagi Selfoss Menningarstefnu Bandalags \u00edslenskra leikf\u00e9laga. G\u00edsli Bj\u00f6rn Heimisson Leikf\u00e9lagi Hafnarfjar\u00f0ar steig \u00ed pontu og ger\u00f0i athugasemd vi\u00f0 or\u00f0alag menningarstefnunnar. \u00d6rn Alexandersson Leikf\u00e9lagi K\u00f3pavogs benti \u00e1 mikilv\u00e6gi \u00feess a\u00f0 leikf\u00e9l\u00f6gin hef\u00f0u a\u00f0st\u00f6\u00f0u til \u00feess a\u00f0 sinna listinni sbr. klausu \u00ed menningarstefnunni.<\/p>\n<p class=\"p1\"><strong>4. Sta\u00f0fest inntaka n\u00fdrra f\u00e9laga, f\u00e9l\u00f6g tekin af f\u00e9lagaskr\u00e1.<br \/>\n<\/strong>\u00der\u00e1inn Sigvaldason Leikf\u00e9lagi H\u00f6rgd\u00e6la sag\u00f0i fr\u00e1 \u00fev\u00ed a\u00f0 engin f\u00e9l\u00f6g hef\u00f0u s\u00f3tt um a\u00f0ild. A\u00f0 \u00fev\u00ed loknu las hann upp \u00ferj\u00fa br\u00e9f sem stj\u00f3rn haf\u00f0i borist var\u00f0and \u00fars\u00f6gn \u00far Bandalaginu. J\u00f3n Benjam\u00edn Einarsson fr\u00e1 Leikf\u00e9laginu Pe\u00f0inu sendi hjartn\u00e6mt br\u00e9f um endalok Pe\u00f0sins. Sn\u00fa\u00f0ur og Sn\u00e6lda, leikf\u00e9lag eldri borgara hefur einnig h\u00e6tt st\u00f6rfum og Leikf\u00e9lag Umf. Stafholtstungna segir sig einnig \u00far Bandalaginu. Leikf\u00e9lag Rey\u00f0arfjar\u00f0ar og Leikf\u00e9lagi\u00f0 Hallvar\u00f0ur S\u00fagandi eru einnig tekin af f\u00e9lagaskr\u00e1 vegna vangoldinna \u00e1rgjalda. Eru a\u00f0ildarf\u00e9l\u00f6g Bandalagsins n\u00fa 48.<\/p>\n<p class=\"p1\"><strong>5. Fundarger\u00f0 s\u00ed\u00f0asta a\u00f0alfundar afgreidd.<br \/>\n<\/strong>Fundarger\u00f0in borin upp af fundarstj\u00f3ra. H\u00fan sam\u00feykkt.<\/p>\n<p class=\"p1\"><strong>6. Sk\u00fdrsla stj\u00f3rnar.<br \/>\n<\/strong>Gu\u00f0finna Gunnarsd\u00f3ttir flutti sk\u00fdrsluna:<\/p>\n<p class=\"p1\"><em>Sk\u00fdrsla stj\u00f3rnar Bandalags \u00edslenskra leikf\u00e9laga \u00e1 a\u00f0alfundi a\u00f0 Logalandi, Reykholtsdal \u00ed Borgarfir\u00f0i 5. ma\u00ed 2018<\/em><\/p>\n<p class=\"p1\"><strong><em>I. Stj\u00f3rn<\/em><\/strong><\/p>\n<p class=\"p1\"><em>\u00c1 starfs\u00e1rinu skipu\u00f0u stj\u00f3rn \u00feau:<\/em><\/p>\n<p class=\"p1\"><em>Gu\u00f0finna Gunnarsd\u00f3ttir, Selfossi, forma\u00f0ur<\/em><\/p>\n<p class=\"p1\"><em>\u00d3l\u00f6f \u00de\u00f3r\u00f0ard\u00f3ttir, Mosfellsb\u00e6, varaforma\u00f0ur<\/em><\/p>\n<p class=\"p1\"><em>\u00der\u00e1inn Sigvaldason, H\u00f6rg\u00e1rdal, ritari<\/em><\/p>\n<p class=\"p1\"><em>Bernhar\u00f0 Arnarsson, H\u00f6rg\u00e1rdal, me\u00f0stj\u00f3rnandi<\/em><\/p>\n<p class=\"p1\"><em>G\u00edsli Bj\u00f6rn Heimisson, Reykjav\u00edk, me\u00f0stj\u00f3rnandi.<\/em><\/p>\n<p class=\"p1\"><em>\u00cd varastj\u00f3rn s\u00e1tu:<\/em><\/p>\n<p class=\"p1\"><em>\u00der\u00fa\u00f0ur Sigur\u00f0ard\u00f3ttir, Salbj\u00f6rg Engilbertsd\u00f3ttir, \u00c1g\u00fast T. Magn\u00fasson, Embla Gu\u00f0mundsd\u00f3ttir og Sigr\u00ed\u00f0ur Hafsteinsd\u00f3ttir.<\/em><\/p>\n<p class=\"p1\"><em>Framkv\u00e6mdastj\u00f3ri \u00ed \u00dej\u00f3nustumi\u00f0st\u00f6\u00f0 er sem endran\u00e6r Vilborg Valgar\u00f0sd\u00f3ttir.<\/em><\/p>\n<p class=\"p1\"><em>Stj\u00f3rn h\u00e9lt fimm starfsfundi \u00e1 \u00e1rinu. Einn a\u00f0 afloknum a\u00f0alfundi \u00ed \u00d6lfussi og \u00ferj\u00e1 \u00ed \u00fej\u00f3nustumi\u00f0st\u00f6\u00f0 okkar \u00ed Reykjav\u00edk og \u00feann s\u00ed\u00f0asta h\u00e9r \u00ed Logalandi \u00ed g\u00e6r. Fjarfundarb\u00fana\u00f0ur var nota\u00f0ur endrum og sinnum me\u00f0 g\u00f3\u00f0um \u00e1rangri \u00feegar ritari vor \u00der\u00e1inn og me\u00f0stj\u00f3rnandi Bernhar\u00f0 \u00e1ttu ekki heimangengt \u00far H\u00f6rg\u00e1rdalnum. Einnig hefur mj\u00f6g skemmtilegur f\u00e9sb\u00f3karh\u00f3pur okkar stj\u00f3rnarmanna veri\u00f0 n\u00fdttur til g\u00f3\u00f0ra samskipta stj\u00f3rnarmanna \u00e1ri\u00f0 um kring.<\/em><\/p>\n<p class=\"p1\"><em>Er starfsf\u00f3lki og stj\u00f3rn \u00fe\u00f6kku\u00f0 g\u00f3\u00f0 samvinna \u00e1 \u00e1rinu.<\/em><\/p>\n<p class=\"p1\"><em><strong>II. Starfsemi f\u00e9laganna<\/strong><\/em><\/p>\n<p class=\"p1\"><em>31 a\u00f0ildarf\u00e9l\u00f6g Bandalagsins sendu inn styrkums\u00f3knir fyrir alls 86 leiks\u00fdningar og leik\u00fe\u00e6tti, 18 n\u00e1mskei\u00f0 og 37 sk\u00f3lanemendur fyrir leik\u00e1ri\u00f0 2016-2017. Fullur styrkur reyndist vera 330.746 kr\u00f3nur. \u00c1rsriti\u00f0 okkar inniheldur s\u00ed\u00f0an allar frekari uppl\u00fdsingar um starfsemina. Ekki liggja fyrir t\u00f6lur um umfang starfsins \u00e1 \u00feessu leik\u00e1ri en engin \u00e1st\u00e6\u00f0a til a\u00f0 \u00e6tla anna\u00f0 en \u00fea\u00f0 s\u00e9 svipa\u00f0 og veri\u00f0 hefur. F\u00e9l\u00f6gin \u00ed Bandalaginu eru n\u00fa 48 talsins.<\/em><\/p>\n<p class=\"p1\"><strong><em>III. Starfs\u00e1\u00e6tlun<\/em><\/strong><\/p>\n<p class=\"p1\"><em>\u00c1 s\u00ed\u00f0asta a\u00f0alfundi var a\u00f0 venju sam\u00feykkt starfs\u00e1\u00e6tlun og og ver\u00f0ur n\u00fa fari\u00f0 yfir hana og sagt fr\u00e1 hva\u00f0 gert var til a\u00f0 efna einstaka li\u00f0i hennar.<\/em><\/p>\n<p class=\"p1\"><em>Rekstur \u00fej\u00f3nustumi\u00f0st\u00f6\u00f0var, Leiklistarsk\u00f3la, Leiklistarvefsins og annarra fastra li\u00f0a \u00ed starfseminni.<\/em><\/p>\n<p class=\"p1\"><em>Rekstur \u00fej\u00f3nustumi\u00f0st\u00f6\u00f0var er alltaf \u00ed og vi\u00f0 og kringum n\u00falli\u00f0 og vi\u00f0 alltaf \u00ed \u00e1kve\u00f0num l\u00ednudansi \u00fear. Vi\u00f0b\u00f3tarstyrkur a\u00f0ildarf\u00e9laganna sem sam\u00feykktur var \u00e1 s\u00ed\u00f0asta a\u00f0alfundi ger\u00f0i g\u00e6fumuninn fyrir starfs\u00e1ri\u00f0 og s\u00e9st \u00fea\u00f0 gl\u00f6ggt \u00e1 reikningum Bandalagsins sem kynntir ver\u00f0a h\u00e9r \u00e1 eftir.<\/em><\/p>\n<p class=\"p1\"><em>Vilborg hefur seti\u00f0 fundi me\u00f0 h\u00f3pi sem settur var af sta\u00f0 af menntam\u00e1lar\u00e1\u00f0uneytinu um \u00fea\u00f0 sem \u00feeir kalla Sameiningu\/Hagr\u00e6\u00f0ingu \u00ed rekstri menningarstofnana. Engin ni\u00f0ursta\u00f0a liggur fyrir enn\u00fe\u00e1 en s\u00ed\u00f0asti fundurinn var \u00ed g\u00e6r.<\/em><\/p>\n<p class=\"p1\"><em>Um sk\u00f3lann og vefinn munu fulltr\u00faar vi\u00f0komandi nefnda fjalla \u00ed s\u00ednum sk\u00fdrslum.<\/em><\/p>\n<p class=\"p1\"><em>N\u00fdtt rafr\u00e6nt ums\u00f3knarkerfi er n\u00fa or\u00f0i\u00f0 allsr\u00e1\u00f0andi og hefur gefist vel.<\/em><\/p>\n<p class=\"p1\"><em>Leita eftir h\u00e6kku\u00f0um framl\u00f6gum \u00far opinberum sj\u00f3\u00f0um og fr\u00e1 einkaa\u00f0ilum til starfsemi \u00e1hugaleikf\u00e9laganna og sameiginlegra verkefna.<\/em><\/p>\n<p class=\"p1\"><em>Framlag til starfsemi \u00e1hugaleikf\u00e9laganna er n\u00fa 18,5 milj. kr. Til \u00fej\u00f3nustumi\u00f0st\u00f6\u00f0varinnar er framlagi\u00f0 6 milj. kr. \u00e1 \u00e1ri samkv\u00e6mt samningi sem gildir til loka \u00e1rsins 2018. Vegna kosninga og \u00fev\u00ed sem \u00fev\u00ed fylgir h\u00f6fum vi\u00f0 ekki enn fengi\u00f0 fund um n\u00fdjan samning, en ef vel \u00e1 a\u00f0 vera og skrifstofan rekin \u00e1fram me\u00f0 sama sni\u00f0i og veri\u00f0 hefur, \u00feyrftum vi\u00f0 a\u00f0 f\u00e1 r\u00edflega h\u00e6kkun \u00e1 samningi og komast upp \u00ed 8.5 millj\u00f3nir \u00e1 \u00e1ri til a\u00f0 halda sj\u00f3.<\/em><\/p>\n<p class=\"p1\"><em>Vi\u00f0 b\u00ed\u00f0um enn \u00fe\u00e1 spennt eftir \u00fev\u00ed a\u00f0 hitta n\u00fdjasta r\u00e1\u00f0herra menningar og munum freista \u00feess a\u00f0 kynna okkar m\u00e1lefni fyrir honum \u00e1 haustd\u00f6gum.<\/em><\/p>\n<p class=\"p1\"><em>S\u00e9rverkefni \u00e1rsins<\/em><\/p>\n<p class=\"p1\"><em>1. A\u00f0 halda vinnustofun\u00e1mskei\u00f0\/fyrirlestra um t.d. vefger\u00f0, Qlab, Office 365 ofl. \u00ed tengslum vi\u00f0 n\u00e6sta a\u00f0alfund.<\/em><\/p>\n<p class=\"p1\"><em>Vinnustofur f\u00f3ru fram \u00ed morgun vi\u00f0 mikinn f\u00f6gnu\u00f0 allra vi\u00f0staddra.<\/em><\/p>\n<p class=\"p1\"><em>2. A\u00f0 haldin ver\u00f0i stuttverkah\u00e1t\u00ed\u00f0 \u00ed tengslum vi\u00f0 a\u00f0alfund 2018.<\/em><\/p>\n<p class=\"p1\"><em>Stuttverkah\u00e1ti\u00f0 f\u00f3r fram \u00ed g\u00e6rkveld og \u00e6tla\u00f0i fagna\u00f0arl\u00e1tunum aldrei a\u00f0 linna.<\/em><\/p>\n<p class=\"p1\"><em>3. Settur ver\u00f0i \u00e1 laggirnar starfsh\u00f3pur sem hefji undirb\u00faning a\u00f0 leiklistarh\u00e1t\u00ed\u00f0 \u00ed einhverju formi sem haldin yr\u00f0i \u00ed tengslum vi\u00f0 afm\u00e6li B\u00cdL \u00e1ri\u00f0 2020.<\/em><\/p>\n<p class=\"p1\"><em>Starfsh\u00f3pur hefur veri\u00f0 settur \u00e1 laggir. \u00cd honum sitja s\u00fa sem h\u00e9r stendur, framkv\u00e6mdastj\u00f3ri og \u00d3l\u00f6f, varaforma\u00f0ur. H\u00f3purinn tekur vi\u00f0 \u00f6llum g\u00f3\u00f0um \u00e1bendingum og gle\u00f0igj\u00f6fum og vonandi ver\u00f0a l\u00edflegar umr\u00e6\u00f0ur um h\u00e1t\u00ed\u00f0ina h\u00e9r \u00ed h\u00f3pavinnu \u00e1 eftir og helst slegist um a\u00f0 f\u00e1 a\u00f0 halda han<\/em><\/p>\n<p class=\"p1\"><strong><em>IV \u2013 \u00d6nnur m\u00e1l<\/em><\/strong><\/p>\n<p class=\"p1\"><em>Uppf\u00e6rsla Leikf\u00e9lags Hverager\u00f0is \u00e1 Naktir \u00ed n\u00e1tt\u00farunni \u00ed leikger\u00f0 og leikstj\u00f3rn J\u00f3ns Gunnars \u00de\u00f3r\u00f0arsonar var valin Athyglisver\u00f0asta \u00e1hugaleiks\u00fdning leik\u00e1rsins af valnefnd \u00dej\u00f3\u00f0leikh\u00fassins og var h\u00fan s\u00fdnd \u00ed \u00dej\u00f3\u00f0leikh\u00fasinu 15. j\u00fan\u00ed vi\u00f0 g\u00f3\u00f0an or\u00f0st\u00edr. \u00cd \u00e1r eru s\u00fdningarnar 16 sem vali\u00f0 ver\u00f0ur \u00e1 milli og mun fulltr\u00fai \u00dej\u00f3\u00f0leikh\u00fassins tilkynna um \u00fea\u00f0 undir bor\u00f0um \u00ed Logalandi \u00ed kv\u00f6ld.<\/em><\/p>\n<p class=\"p1\"><em>B\u00fai\u00f0 er a\u00f0 setja \u00e1 f\u00f3t gagnabanka \u00fear sem h\u00e6gt er a\u00f0 setja inn myndir af b\u00faningum og propsi til l\u00e1ns og leigu. \u00deessi banki er \u00e1 Leiklistarvefnum. L\u00e9nsherra vor var ekki lengi a\u00f0 setja gagnabankann af sta\u00f0, n\u00fa er \u00fea\u00f0 ykkar a\u00f0 nj\u00f3ta og nota.<\/em><\/p>\n<p class=\"p1\"><em>Af erlendum vettvangi m\u00e1 geta \u00feess a\u00f0 s\u00fdning Leikf\u00e9lags Hafnarfjar\u00f0ar, Ubbi k\u00f3ngur, \u00ed leikstj\u00f3rn \u00c1g\u00fastu Sk\u00falad\u00f3ttur var valin til \u00fe\u00e1ttt\u00f6ku \u00e1 IATA\/AITA al\u00fej\u00f3\u00f0legu leiklistarh\u00e1t\u00ed\u00f0inni \u00ed M\u00f3nak\u00f3 sem fram f\u00f3r seinni hluta \u00e1g\u00fastm\u00e1na\u00f0ar. Er skemmst fr\u00e1 \u00fev\u00ed a\u00f0 segja a\u00f0 s\u00fdningin sl\u00f3 algerlega \u00ed gegn og f\u00e9kk fr\u00e1b\u00e6rar vi\u00f0t\u00f6kur. Ubbi k\u00f3ngur hefur ekki loki\u00f0 s\u00e9r af \u00ed s\u00fdningum, \u00fer\u00e1tt fyrir a\u00f0 Leikf\u00e9lag Hafnarfjar\u00f0ar s\u00e9, eftir \u00fev\u00ed sem \u00e9g best veit, enn \u00fe\u00e1 heimilislaust, \u00fe\u00e1 v\u00edla Hafnfir\u00f0ingar \u00fea\u00f0 ekki fyrir s\u00e9r a\u00f0 fer\u00f0ast me\u00f0 Ubba \u00e1r eftir \u00e1r til meginlandsins og leggja enn \u00e1 n\u00fd land undir f\u00f3t, a\u00f0 \u00feessu sinni til Hronova \u00ed T\u00e9kklandi en \u00fear s\u00fdna \u00feau \u00ed \u00e1g\u00fast nk.<\/em><\/p>\n<p class=\"p1\"><em>S\u00fdning Leikf\u00e9lags K\u00f3pavogs, Svarti kassinn eftir Hrefnu Fri\u00f0riksd\u00f3ttur \u00ed leikstj\u00f3rn \u00c1g\u00fastu Sk\u00falad\u00f3ttur, ver\u00f0ur fulltr\u00fai \u00cdslands \u00e1 NEATA leiklistarh\u00e1t\u00ed\u00f0inni \u201eBaltic Flight\u201c sem haldin ver\u00f0ur \u00ed b\u00e6num Anykschiai \u00ed Lith\u00e1en.<\/em><\/p>\n<p class=\"p1\"><em>Sem fyrr sag\u00f0i s\u00f3ttu forma\u00f0ur og framkv\u00e6mdastj\u00f3ri a\u00f0alfund IATA\/AITA \u00ed M\u00f3nak\u00f3, en fundurinn var lengri en venjulega \u00fear sem lag\u00f0ar voru fram heildarbreytingar \u00e1 l\u00f6gum samtakanna. \u00a0Ekki var n\u00fa allt sam\u00feykkt, \u00fe\u00f3 svo a\u00f0 breytingarnar hef\u00f0u eflaust hj\u00e1lpa\u00f0 til vi\u00f0 a\u00f0 opna samt\u00f6kin meira en n\u00fa er. \u00c1kve\u00f0i\u00f0 var a\u00f0 f\u00e6kka \u00ed stj\u00f3rn og forma\u00f0urinn tekur strax vi\u00f0 eftir stj\u00f3rnarkj\u00f6r. Allar hugmyndir um a\u00f0 st\u00e6kka og opna f\u00e9lagsskapinn voru skotnar \u00ed kaf \u00e1 fundinum. Mikil hagsmunap\u00f3lit\u00edk var \u00ed gangi me\u00f0al fr\u00f6nskum\u00e6landi fulltr\u00faanna og sterk andsta\u00f0a vi\u00f0 \u00fe\u00e6r breytingar sem lag\u00f0ar h\u00f6f\u00f0u veri\u00f0 fyrir fundinn. Fundurinn var \u00e1hugaver\u00f0ur og gagnlegur, en m\u00f6gulega blikur \u00e1 lofti og frekari breytingar g\u00e6tu or\u00f0i\u00f0 innan f\u00e1rra \u00e1ra, sem v\u00e6ri kostur. \u00c1rsfundur NEATA var einnig haldinn \u00ed M\u00f3nak\u00f3, en \u00fear var a\u00f0alumr\u00e6\u00f0uefni\u00f0 komandi leiklistarh\u00e1ti\u00f0 \u00ed Litha\u00e9n, \u00fear sem fagna\u00f0 ver\u00f0ur 20 \u00e1ra afm\u00e6li NEATA. Forma\u00f0ur og framkv\u00e6mdastj\u00f3ri mun s\u00e6kja t\u00e9\u00f0a h\u00e1t\u00ed\u00f0 heim.<\/em><\/p>\n<p class=\"p1\"><em>Mar\u00eda Bj\u00f6rt \u00c1rmannsd\u00f3ttir hefur veri\u00f0 fulltr\u00fai okkar \u00ed NEATA Youth og mun s\u00e6kja fund og leiksmi\u00f0ju fyrir okkar h\u00f6nd \u00e1samt S\u00f6ru R\u00f3s Gu\u00f0mundsd\u00f3ttur \u00ed tengslum vi\u00f0 NEATA h\u00e1t\u00ed\u00f0ina.<\/em><\/p>\n<p class=\"p1\"><em>Okkur var bo\u00f0i\u00f0 a\u00f0 taka \u00fe\u00e1tt \u00ed barnaleiklistarh\u00e1ti\u00f0 fyrir b\u00f6rn \u00e1 aldrinum 13-15 \u00e1ra sem nefnist Edered og ver\u00f0ur (vonandi) haldin \u00ed Toulouse \u00ed Frakklandi 11. \u2013 22. j\u00fal\u00ed. Vi\u00f0 \u00e1kv\u00e1\u00f0um a\u00f0 taka \u00fe\u00e1tt \u00ed h\u00e1t\u00ed\u00f0inni \u00ed samstarfi vi\u00f0 F\u00e6reyinga, \u00fear sem okkur fannst umfangi\u00f0 heldur miki\u00f0 fyrir okkur eins\u00f6mul. Til stendur a\u00f0 senda 4 b\u00f6rn fr\u00e1 \u00cdslandi, 4 b\u00f6rn fr\u00e1 F\u00e6reyjum, workshopkennara fr\u00e1<span class=\"Apple-converted-space\">\u00a0 <\/span>F\u00e6reyjum og umsj\u00f3narmann me\u00f0 h\u00f3pnum fr\u00e1 \u00cdslandi. Vi\u00f0 b\u00ed\u00f0um spennt eftir a\u00f0 vita hvort h\u00e1t\u00ed\u00f0in ver\u00f0i haldin yfirh\u00f6fu\u00f0, \u00fear sem legi\u00f0 hefur \u00e1 sv\u00f6rum um framgang m\u00e1la. Krist\u00edn Svanhildur Helgad\u00f3ttir mun fylgja b\u00f6rnunum \u00fat ef af ver\u00f0ur.<\/em><\/p>\n<p class=\"p1\"><em>Kanna\u00f0 hefur veri\u00f0 hvort vi\u00f0 f\u00e1um ekki til afnota e\u00f0a eignar uppt\u00f6kur fr\u00e1 R\u00daV fr\u00e1 heims\u00f3kn \u201eLandans\u201c \u00ed Bandalagssk\u00f3lann s\u00ed\u00f0astli\u00f0i\u00f0 sumar, sem og samskonar uppt\u00f6kur \u00far \u00fe\u00e6ttinum \u201e\u00dat og su\u00f0ur\u201c, \u00fear sem sk\u00f3linn var einnig heims\u00f3ttur \u00feegar hann \u00e1tti heima \u00ed Svarfa\u00f0adal, a\u00f0 mig minnir \u00e1ri\u00f0 2007. Gaman v\u00e6ri a\u00f0 eiga \u00feessar uppt\u00f6kur og hafa til taks \u00e1 vefnum okkar. \u00c1 sk\u00f3las\u00ed\u00f0una \u00e1 Leiklistarvefnum er n\u00fa kominn hlekkur \u00e1 klippuna \u00far Landanum fr\u00e1 s\u00ed\u00f0asta sumri.<\/em><\/p>\n<p class=\"p1\"><em>Hr\u00fatafj\u00f6r\u00f0ur reyndist vera fyrirtakssta\u00f0ur fyrir sk\u00f3lann okkar og ber a\u00f0 \u00feakka sk\u00f3last\u00fdrum fyrir a\u00f0 halda vel \u00e1 sk\u00f3lasp\u00f6\u00f0unum og tryggja a\u00f0 \u00fear eigum vi\u00f0 samasta\u00f0 n\u00e6stu \u00e1rin. L\u00e9nsherra er enn fremur \u00feakka\u00f0 fyrir \u00e6varandi \u00feolinm\u00e6\u00f0i og v\u00f6ktun \u00e1 kerfum vorum og vefs\u00ed\u00f0u.<\/em><\/p>\n<p class=\"p1\"><em>Stj\u00f3rn \u00feakkar ennfremur Vilborgu framkv\u00e6mdastj\u00f3ra fyrir fr\u00e1b\u00e6rt samstarf \u00e1 \u00e1rinu. \u00deetta er s\u00ed\u00f0asti a\u00f0alfundur hennar sem starfsma\u00f0ur Bandalagsins, en h\u00fan hefur \u00e1kve\u00f0i\u00f0 a\u00f0 h\u00e6tta st\u00f6rfum fr\u00e1 og me\u00f0 n\u00e6stu \u00e1ram\u00f3tum. Vilborg hefur starfa\u00f0 fyrir Bandalagi\u00f0 \u00ed 40 \u00e1r, fyrst sem starfsma\u00f0ur \u00e1 skrifstofu og svo undanfarin 25 \u00e1r sem framkv\u00e6mdastj\u00f3ri. Or\u00f0 f\u00e1 ekki l\u00fdst hvers vir\u00f0i h\u00fan er okkur \u00f6llum og framlag hennar til leiklistarstarfs er \u00f3metanlegt. Fyrir h\u00f6nd allra sem hafa unni\u00f0 me\u00f0 Bandalaginu undanfarin 40 \u00e1r segjum vi\u00f0 takk takk takk.<\/em><\/p>\n<p class=\"p1\"><em>Vi\u00f0 hvetjum ykkur til a\u00f0 fylgjast me\u00f0 fr\u00e9ttum \u00e1 heimas\u00ed\u00f0unni og vera \u00ed sambandi vi\u00f0 okkur \u00ed stj\u00f3rninni e\u00f0a Vilborgu ef spurningar vakna.<\/em><\/p>\n<p class=\"p1\"><em>Verum l\u00edka dugleg a\u00f0 sty\u00f0ja vi\u00f0 baki\u00f0 hvert \u00e1 \u00f6\u00f0ru. M\u00e6tum \u00e1 s\u00fdningar, l\u00e6kum f\u00e6rslur, vi\u00f0bur\u00f0i, s\u00ed\u00f0ur hj\u00e1 leikf\u00e9l\u00f6gum um land allt. Hvetjum a\u00f0ra til a\u00f0 stofna leikf\u00e9l\u00f6g e\u00f0a endurvekja. Samtakam\u00e1ttur okkar er mikill ef vi\u00f0 viljum og vi\u00f0 viljum virka leikh\u00fasstarfsemi um land allt.<\/em><\/p>\n<p class=\"p1\"><em>Gu\u00f0finna Gunnarsd\u00f3ttir, forma\u00f0ur<\/em><\/p>\n<p class=\"p1\"><strong>7. Framkv\u00e6mdastj\u00f3ri leggur fram endursko\u00f0a\u00f0a reikninga s\u00ed\u00f0asta \u00e1rs og sk\u00fdrir \u00fe\u00e1.<br \/>\n<\/strong>Vilborg \u00c1rn\u00fd Valgar\u00f0sd\u00f3ttir framkv\u00e6mdastj\u00f3ri Bandalagsins kynnti reikningana. Hagna\u00f0ur \u00e1rsins var kr. 1.543.251.<\/p>\n<p class=\"p1\"><strong>8. Umr\u00e6\u00f0ur um sk\u00fdrslu stj\u00f3rnar og afgrei\u00f0sla reikninga<\/strong>.<br \/>\nH\u00f6r\u00f0ur Sigur\u00f0arson, Leikf\u00e9lagi K\u00f3pavogs r\u00e6ddi um b\u00faningagagnagrunn sem hann setti \u00e1 laggirnar eftir s\u00ed\u00f0asta \u00feing og benti \u00e1 a\u00f0 enginn hefur n\u00fdtt s\u00e9r hann \u00fer\u00e1tt fyrir a\u00f0 gagnagrunnurinn hafi veri\u00f0 kynntur. Hann hvetur leikf\u00e9l\u00f6gin til a\u00f0 n\u00fdta s\u00e9r \u00feetta til \u00feess a\u00f0 skr\u00e1 s\u00e9rstaka muni sem eru \u00ed eigu \u00feeirra. Sk\u00fdrsla stj\u00f3rnar borin undir fundinn og h\u00fan sam\u00feykkt. Reikningar bornir undir fundinn og \u00feeir sam\u00feykktir.<\/p>\n<p class=\"p1\"><strong>9. Sk\u00fdrslur nefnda og umr\u00e6\u00f0ur um \u00fe\u00e6r.<br \/>\n1. H\u00f6r\u00f0ur Sigur\u00f0arson flutti sk\u00fdrslu vefnefndar Leiklistarvefsins:<\/strong><\/p>\n<p class=\"p1\"><em>Leiklistarvefurinn &#8211; Sk\u00fdrsla vefnefndar 2018<\/em><\/p>\n<p class=\"p1\"><em>L\u00f6g\u00f0 fram \u00e1 a\u00f0alfundi B\u00cdL \u00ed Logalandi 5.-6. ma\u00ed 2018<\/em><\/p>\n<p class=\"p1\"><em>H\u00e9r kemur sk\u00fdrsla vefnefndar Leiklistarvefsins. \u00cd vefnefnd sitja undirrita\u00f0ur og framkv\u00e6mdastj\u00f3ri Bandalagsins.\u00a0<\/em><\/p>\n<p class=\"p1\"><em>Flest gengur sinn vanagang hj\u00e1 Leiklistarvefnum. Engin st\u00f3rt\u00ed\u00f0indi hafa veri\u00f0 \u00ed \u00fer\u00f3un \u00e1 vefnum en vefurinn er \u00fe\u00f3 s\u00edfellt \u00ed reglulegu vi\u00f0haldi, \u00fear sem kerfi\u00f0 sj\u00e1lft og allar \u00fe\u00e6r fj\u00f6m\u00f6rgu vi\u00f0b\u00e6tur sem \u00fev\u00ed fylgja eru uppf\u00e6r\u00f0ar. \u00derj\u00fa \u00e1r eru n\u00fa li\u00f0in fr\u00e1 st\u00f3ru uppf\u00e6rslunni \u00feegar vi\u00f0 skiptum \u00far hinu aldna Joomla kerfi yfir \u00ed n\u00fdt\u00edskulegra WordPress kerfi og almenn \u00e1n\u00e6gja me\u00f0 \u00fea\u00f0 hj\u00e1 okkur sem vinnum vi\u00f0 vefinn og vonandi hj\u00e1 notendum einnig. \u00dea\u00f0 m\u00e1 vel endurtaka \u00fea\u00f0 sem kom fram \u00ed s\u00ed\u00f0ustu sk\u00fdrslu a\u00f0 kosturinn vi\u00f0 n\u00fdja kerfi\u00f0 er vitaskuld s\u00e1 a\u00f0 ekki \u00fearf lengur a\u00f0 kaupa utana\u00f0komandi a\u00f0ila til a\u00f0 sj\u00e1 um allar m\u00f6gulegar uppf\u00e6rslur heldur eru \u00fe\u00e6r yfirleitt tilt\u00f6lulega einfaldar a\u00f0ger\u00f0ir. Sveigjanleikinn \u00ed kerfinu er mikil breyting fr\u00e1 \u00fev\u00ed sem \u00e1\u00f0ur var. Kosturinn sem fylgir \u00fev\u00ed a\u00f0 ekki \u00feurfi a\u00f0 kaupa vinnu a\u00f0 utan er \u00fe\u00f3 au\u00f0vita\u00f0 einnig galli \u00fear sem n\u00e1nast allt er n\u00fa gert innanh\u00fass. Vi\u00f0hald og umsj\u00f3n tekur mun meiri t\u00edma n\u00fa en \u00e1\u00f0ur enda er \u00f6ll virkni og notkun margfalt meiri en \u00e1\u00f0ur var.\u00a0<\/em><\/p>\n<p class=\"p1\"><em>Eins og \u00e1\u00f0ur hefur komi\u00f0 fram er mesta vinnan og vi\u00f0haldi\u00f0 \u00ed kringum ums\u00f3knakerfi\u00f0 sem krefst t\u00f6luver\u00f0s utanumhalds og vinnu s\u00e9rstaklega \u00ed kringum ums\u00f3knir og \u00fathlutanir r\u00edkisstyrksins. Stundum \u00fearf a\u00f0 a\u00f0sto\u00f0a notendur vegna \u00fdmissa vandam\u00e1la en \u00feau eru \u00fe\u00f3 yfirleitt einf\u00f6ld og au\u00f0leyst en taka alltaf einhvern t\u00edma. Ekki er lengur h\u00e6gt a\u00f0 skila inn ums\u00f3knum \u00e1 papp\u00edr og nokkur f\u00e9l\u00f6g eru enn a\u00f0 b\u00e6tast vi\u00f0 \u00ed h\u00f3pinn sem er me\u00f0 a\u00f0gang a\u00f0 kerfinu.\u00a0<\/em><\/p>\n<p class=\"p1\"><em>Ums\u00f3knirnar skila s\u00e9r n\u00fa inn \u00e1 rafr\u00e6nu formi en enn m\u00e1 gera betur var\u00f0andi \u00farvinnslu gagna. Markmi\u00f0i\u00f0 er a\u00f0 f\u00e1 fram meiri sj\u00e1lfvirkni \u00ed \u00feann hluta \u00feannig a\u00f0 dragi \u00far \u00feeirri vinnu sem l\u00f6g\u00f0 er \u00e1 framkv\u00e6mdastj\u00f3ra \u00ed tengslum vi\u00f0 \u00fathlutun. \u00de\u00e1 m\u00e1 einnig nefna a\u00f0 fr\u00e1 og me\u00f0 n\u00e6sta leik\u00e1ri ver\u00f0ur s\u00fa breyting ger\u00f0 me\u00f0 uppt\u00f6kur af s\u00fdningum a\u00f0 einungis ver\u00f0ur teki\u00f0 vi\u00f0 uppt\u00f6kum \u00e1 vef \u00e1 YouTube e\u00f0a Vimeo. \u00deetta ver\u00f0ur gert i lj\u00f3si \u00feess a\u00f0 mikil vandr\u00e6\u00f0i hafa veri\u00f0 me\u00f0 uppt\u00f6kur annarssta\u00f0ar fr\u00e1.\u00a0<\/em><\/p>\n<p class=\"p1\"><em>A\u00f0 flestu leyti gengur vinnan vi\u00f0 vefinn sinn vanagang. Vefverslunin skilar s\u00ednu \u00fe\u00f3 eitthva\u00f0 hafi dregi\u00f0 \u00far s\u00f6lu enda heldur Vilborg vel utan um hana \u00feannig a\u00f0 vi\u00f0skiptavinir geta \u00e1vallt s\u00e9\u00f0 v\u00f6ru\u00farvali\u00f0 \u00e1 hverjum t\u00edma. Pantanir eru eitthva\u00f0 f\u00e6rri en \u00e1 s\u00ed\u00f0asta \u00e1ri. Ekki er enn b\u00fai\u00f0 a\u00f0 tengja grei\u00f0slug\u00e1tt \u00feannig a\u00f0 h\u00e6gt s\u00e9 a\u00f0 ganga fr\u00e1 kaupum en a\u00f0 \u00fev\u00ed kemur um s\u00ed\u00f0ir.\u00a0<\/em><\/p>\n<p class=\"p1\"><em>Vi\u00f0 erum me\u00f0 h\u00fdsingu hj\u00e1 fyrirt\u00e6kinu\u00a01984.is\u00a0og eins og sumir hafa kannski heyrt lentu \u00feeir \u00ed miklum hremmingum \u00ed vetur \u00feegar kerfin \u00feeirra hrundu. \u00dear \u00e1 me\u00f0al var au\u00f0vita\u00f0 Leiklistarvefurinn sem l\u00e1 ni\u00f0ri \u00ed um s\u00f3larhring. \u00deessu var kippt \u00ed li\u00f0inn og engin g\u00f6gn t\u00f6pu\u00f0ust hj\u00e1 okkur. \u00a0<\/em><\/p>\n<p class=\"p1\"><em>Undirrita\u00f0ur hefur r\u00e6tt \u00fea\u00f0 vi\u00f0 framkv\u00e6mdastj\u00f3ra a\u00f0 nau\u00f0synlegt s\u00e9 a\u00f0 skjala kerfi\u00f0 svo a\u00f0rir eigi au\u00f0veldara me\u00f0 a\u00f0 setja sig inn \u00ed \u00fea\u00f0. Ekki eru miklar breytingar\u00a0 e\u00f0a uppf\u00e6rslur fyrirhuga\u00f0ar \u00e1 vefnum \u00e1 n\u00e6stunni. Eins og alltaf eru \u00fe\u00f3 allar g\u00f3\u00f0ar \u00e1bendingar og hugmyndir var\u00f0andi Leiklistarvefinn vel \u00feegnar. \u00c1 s\u00ed\u00f0asta \u00e1ri benti undirrita\u00f0ur \u00e1 a\u00f0 fari\u00f0 v\u00e6ri a\u00f0 sl\u00e1 \u00ed \u00fdmislegt \u00ed t\u00f6lvukosti \u00dej\u00f3nustumi\u00f0st\u00f6\u00f0varinnar og \u00feau or\u00f0 eiga enn vi\u00f0.\u00a0<\/em><\/p>\n<p class=\"p1\"><em>L\u00fdkur svo sk\u00fdrslu Vefnefndar.<br \/>\n<\/em><em>F.h. vefnefndar,\u00a0 H\u00f6r\u00f0ur Sigur\u00f0arson, l\u00e9nsherra<\/em><\/p>\n<p>&nbsp;<\/p>\n<p class=\"p1\"><strong>2. Hrefna Fri\u00f0riksd\u00f3ttir flutti sk\u00fdrslu sk\u00f3lanefndar Bandalagsins.<\/strong><\/p>\n<p class=\"p1\"><em>Sk\u00fdrsla sk\u00f3lanefndar \u00e1 a\u00f0alfundi B\u00cdL 5.-6. ma\u00ed 2018<\/em><\/p>\n<p class=\"p1\"><em>\u00c1 li\u00f0nu starfs\u00e1ri s\u00e1tu me\u00f0 m\u00e9r \u00ed sk\u00f3lanefnd D\u00fdrleif J\u00f3nsd\u00f3ttir, Herd\u00eds \u00deorgeirsd\u00f3ttir, Hrund \u00d3lafsd\u00f3ttir og G\u00edsli Bj\u00f6rn Heimisson.<span class=\"Apple-converted-space\">\u00a0 <\/span>Sk\u00f3lanefndin ber sem fyrr h\u00f6fu\u00f0\u00e1byrg\u00f0 \u00e1 a\u00f0 skipuleggja starf leiklistarsk\u00f3la Bandalagsins og fundar reglulega allt \u00e1ri\u00f0. \u00c9g nota \u00feetta t\u00e6kif\u00e6ri til a\u00f0 \u00feakka k\u00e6rlega \u00f6llu samnefndarf\u00f3lki m\u00ednu fyrir metna\u00f0arfullt og skemmtilegt samstarf.<\/em><\/p>\n<p class=\"p1\"><em>Leiklistarsk\u00f3li Bandalagsins var settur \u00ed 21. sinn \u00feann 12. j\u00fan\u00ed 2017. \u00dea\u00f0 var heilmikil spenna \u00ed loftinu \u00fev\u00ed vi\u00f0 vorum a\u00f0 flytja okkur um set. Eftir nokkur fars\u00e6l \u00e1r a\u00f0 H\u00fanav\u00f6llum \u00ed H\u00fanavatnshreppi f\u00e6r\u00f0um vi\u00f0 okkur yfir \u00ed Reykjask\u00f3la \u00ed Hr\u00fatafir\u00f0i. Eins og nefnt var \u00e1 s\u00ed\u00f0asta a\u00f0alfundi var helsta \u00e1st\u00e6\u00f0an fyrir flutningum aukinn fer\u00f0amannastraumur a\u00f0 H\u00f3tel H\u00fana sem skapa\u00f0i togstreitu um t\u00edmasetningar og ver\u00f0. Reykjask\u00f3li reyndist \u00fev\u00edl\u00edkur happafengur. \u00dear eru reknar sk\u00f3lab\u00fa\u00f0ir yfir vetrart\u00edmann, rekstrara\u00f0ilinn hefur engan \u00e1huga \u00e1 a\u00f0 h\u00fdsa fer\u00f0amenn \u00e1 sumrin heldur vill helst af \u00f6llu f\u00e1 h\u00f3pa sem koma \u00e1r eftir \u00e1r. A\u00f0sta\u00f0an henta\u00f0i okkur mj\u00f6g vel, samstarfi\u00f0 gekk a\u00f0 \u00f3skum og vi\u00f0 erum vong\u00f3\u00f0 um a\u00f0 ver\u00f0a \u00fearna \u00e1fram um \u00f3komna t\u00ed\u00f0.<\/em><\/p>\n<p class=\"p1\"><em>Sk\u00f3lann \u00e1ri\u00f0 2017 s\u00f3ttu alls 39 nemendur. N\u00e1mskei\u00f0in voru:<br \/>\n<\/em><em>1. Leiklist II &#8211; kennari \u00c1g\u00fasta Sk\u00falad\u00f3ttir<br \/>\n<\/em><em>2. S\u00e9rn\u00e1mskei\u00f0 \u00ed leikstj\u00f3rn &#8211; kennari R\u00fanar Gu\u00f0brandsson<br \/>\n<\/em><em>3. S\u00e9rn\u00e1mskei\u00f0 fyrir leikara &#8211; kennari \u00deorsteinn Bachmann<br \/>\n<\/em><em>\u00de\u00e1 fengum vi\u00f0 g\u00f3\u00f0an h\u00f3p h\u00f6funda \u00ed heims\u00f3kn. Ni\u00f0urst\u00f6\u00f0ur vi\u00f0horfsk\u00f6nnunar bentu til mikillar \u00e1n\u00e6gju me\u00f0 sk\u00f3lastarfi\u00f0.<\/em><\/p>\n<p class=\"p1\"><em>\u00dea\u00f0 er skemmtilegt a\u00f0 segja fr\u00e1 \u00fev\u00ed a\u00f0 vi\u00f0 fengum sj\u00f3nvarpsf\u00f3lk \u00ed heims\u00f3kn s\u00ed\u00f0asta daginn, n\u00e1nar tilteki\u00f0 a\u00f0standendur Landans \u00e1 R\u00daV. \u00deau fylgdust me\u00f0 undirb\u00faningi og upphafi leiklistarh\u00e1t\u00ed\u00f0arinnar sem hef\u00f0bundi\u00f0 er a\u00f0 hafa \u00e1 lokadaginn og t\u00f3ku \u00fdmis vi\u00f0t\u00f6l. Afraksturinn var s\u00fdndur \u00ed sj\u00f3nvarpi allra landsmanna 5. n\u00f3vember 2017 og kr\u00e6kja \u00e1 sk\u00f3laumfj\u00f6llun Landans er \u00e1 sk\u00f3las\u00ed\u00f0unni \u00e1 Leiklistarvefnum.<\/em><\/p>\n<p class=\"p1\"><em>\u00c1ri\u00f0 2018 ver\u00f0ur leiklistarsk\u00f3linn settur \u00ed Reykjask\u00f3la \u00feann 9. j\u00fan\u00ed. Sumari\u00f0 ver\u00f0ur \u00f3venjulegt \u00fear sem bo\u00f0i\u00f0 ver\u00f0ur upp \u00e1 fj\u00f6gur n\u00e1mskei\u00f0 \u00ed sta\u00f0 \u00feriggja eins og oftast \u00e1\u00f0ur.<\/em><\/p>\n<p class=\"p1\"><em>Mig langar a\u00f0 byrja \u00e1 \u00fev\u00ed a\u00f0 rifja upp a\u00f0 \u00e1 s\u00ed\u00f0asta a\u00f0alfundi kynntum vi\u00f0 \u00fe\u00e1 r\u00e1\u00f0ager\u00f0 a\u00f0 bj\u00f3\u00f0a ekki upp \u00e1 leiklist I sumari\u00f0 2018 og eftir vandlega \u00edhugun var\u00f0 \u00fea\u00f0 ni\u00f0ursta\u00f0an. Til upprifjunar \u00fe\u00e1 h\u00f6f\u00f0u leiklist I og leiklist II veri\u00f0 haldin til skiptis fr\u00e1 \u00e1rinu 2010 og a\u00f0s\u00f3kn \u00ed s\u00ed\u00f0ustu syrpuna var ekki sem skyldi. \u00de\u00e1 eru \u00feessi grunnn\u00e1mskei\u00f0 pl\u00e1ssfrek og hafa takmarka\u00f0 a\u00f0 einhverju leyti val \u00e1 s\u00e9rn\u00e1mskei\u00f0um fyrir leikara. Vi\u00f0 leggjum \u00fe\u00f3 \u00e1herslu \u00e1 a\u00f0 vera me\u00f0 n\u00e1mskei\u00f0 fyrir byrjendur jafnt sem lengra komna.<\/em><\/p>\n<p class=\"p1\"><em>Fyrir \u00fe\u00e1 sem hafa aldrei komi\u00f0 \u00ed sk\u00f3lann \u00e1\u00f0ur eru tv\u00f6 n\u00e1mskei\u00f0 \u00ed bo\u00f0i:<br \/>\n<\/em><em>* Karl \u00c1g\u00fast \u00dalfsson ver\u00f0ur me\u00f0 grunnn\u00e1mskei\u00f0 \u00ed leikritun. N\u00e1mskei\u00f0i\u00f0 er \u00e6tla\u00f0 \u00f6llum sem hafa \u00e1huga \u00e1 a\u00f0 spreyta sig vi\u00f0 leiktextasm\u00ed\u00f0. Skr\u00e1\u00f0ir nemendur eru 12 en m\u00f6guleiki a\u00f0 taka 4 \u00ed vi\u00f0b\u00f3t.<br \/>\n<\/em><em>* \u00de\u00e1 er \u00fea\u00f0 okkur s\u00e9rst\u00f6k \u00e1n\u00e6gja a\u00f0 bj\u00f3\u00f0a upp \u00e1 n\u00e1mskei\u00f0 sem kallast \u00c1 bak vi\u00f0 tj\u00f6ldin undir styrkri stj\u00f3rn Evu Bjargar Har\u00f0ard\u00f3ttur. \u00deetta er grunnn\u00e1mskei\u00f0 \u00ed h\u00f6nnun leiks\u00fdninga og hentar \u00f6llum sem hafa \u00e1huga \u00e1 baksvi\u00f0svinnu \u00ed leikh\u00fasinu, me\u00f0 \u00e1herslu \u00e1 h\u00f6nnun, gerva-, b\u00faninga-, leikmuna- og leikmyndager\u00f0. \u00dea\u00f0 hefur lengi veri\u00f0 kalla\u00f0 eftir n\u00e1mskei\u00f0i af \u00feessari ger\u00f0. Skr\u00e1\u00f0ir nemendur eru einungis 9 talsins og h\u00e6gt a\u00f0 b\u00e6ta vi\u00f0 nokkrum \u00ed vi\u00f0b\u00f3t.<\/em><\/p>\n<p class=\"p1\"><em>Fyrir lengra komna eru einnig tvo n\u00e1mskei\u00f0 \u00ed bo\u00f0i:<br \/>\n<\/em><em>* Masterclassn\u00e1mskei\u00f0 fyrir leikstj\u00f3ra, kennari R\u00fanar Gu\u00f0brandsson. \u00dear ver\u00f0ur byggt ofan \u00e1 fyrri n\u00e1mskei\u00f0 og skr\u00e1\u00f0ir nemendur eru 7.<br \/>\n<\/em><em>* \u00de\u00e1 ver\u00f0ur tr\u00fa\u00f0an\u00e1mskei\u00f0 \u00ed bo\u00f0i fyrir \u00fe\u00e1 sem hafa loki\u00f0 grunnn\u00e1mskei\u00f0um \u00ed leiklist e\u00f0a hafa umtalsver\u00f0a reynslu, kennarar \u00c1g\u00fasta Sk\u00falad\u00f3ttir og Gunnar Bj\u00f6rn Gu\u00f0mundsson. \u00deetta n\u00e1mskei\u00f0 reyndist mj\u00f6g vins\u00e6lt, skr\u00e1\u00f0ir nemendur eru 18 og einn \u00e1 bi\u00f0lista.<\/em><\/p>\n<p class=\"p1\"><em>Sumari\u00f0 l\u00edtur sem sagt vel \u00fat og sk\u00f3last\u00fdrur hlakka miki\u00f0 til a\u00f0 nj\u00f3ta \u00feess a\u00f0 fylgja nemendum eftir eitt \u00e1ri\u00f0 enn. Segi \u00e9g \u00fe\u00e1 loki\u00f0 sk\u00fdrslu sk\u00f3lanefndar. Takk fyrir!<\/em><\/p>\n<p>Umr\u00e6\u00f0ur:<br \/>\nD\u00fdrleif hvatti alla \u00ed salnum til a\u00f0 senda f\u00f3lk \u00ed sk\u00f3lann. Ekki ur\u00f0u fleiri umr\u00e6\u00f0ur um sk\u00fdrslur nefnda.<\/p>\n<p class=\"p1\"><strong>10. Dr\u00f6g a\u00f0 starfs\u00e1\u00e6tlun n\u00e6sta \u00e1rs kynnt og skipa\u00f0 \u00ed starfsh\u00f3pa.<br \/>\n<\/strong>Gu\u00f0finna kynnti till\u00f6gu a\u00f0 starfs\u00e1\u00e6tlun n\u00e6sta \u00e1rs og skipti \u00ed h\u00f3pa.<\/p>\n<p class=\"p1\"><em>Tillaga stj\u00f3rnar a\u00f0 starfs\u00e1\u00e6tlun Bandalags \u00edslenskra leikf\u00e9laga leik\u00e1ri\u00f0 2018-2019:<br \/>\n<\/em><em>Almenn starfsemi:<br \/>\n<\/em><em>1. Rekstur \u00fej\u00f3nustumi\u00f0st\u00f6\u00f0var, Leiklistarsk\u00f3la, Leiklistarvefsins og annarra fastra li\u00f0a \u00ed starfseminni.<br \/>\n<\/em><em>2. Leita eftir h\u00e6kku\u00f0um framl\u00f6gum \u00far opinberum sj\u00f3\u00f0um og fr\u00e1 einkaa\u00f0ilum til starfsemi \u00e1hugaleikf\u00e9laganna og sameiginlegra verkefna.<br \/>\n<\/em><em>3. Undirb\u00faningur a\u00f0 leiklistarh\u00e1t\u00ed\u00f0 \u00ed einhverju formi sem haldin yr\u00f0i \u00ed tengslum vi\u00f0 70 \u00e1ra afm\u00e6li B\u00cdL \u00e1ri\u00f0 2020.<\/em><\/p>\n<p class=\"p1\">H\u00f3pstj\u00f3rar eru:<br \/>\n1. Anna Mar\u00eda Hj\u00e1lmarsd\u00f3ttir Freyvangsleiksh\u00fasinu<br \/>\n2. Herd\u00eds Ragna \u00deorgeirsd\u00f3ttir Halaleikh\u00f3pnum<br \/>\n3. Gunnar Bj\u00f6rn Gu\u00f0mundsson Leikf\u00e9lagi Hafnarfjar\u00f0ar<br \/>\n4. Brynhildur Sveinsd\u00f3ttir, Leikf\u00e9lagi Mosfellssveitar<br \/>\n5. J\u00f3nhei\u00f0ur \u00cdsleifsd\u00f3ttir Leikf\u00e9lagi Selfoss.<\/p>\n<p class=\"p1\"><strong>11. Kj\u00f6rnefnd tilkynnir ni\u00f0urst\u00f6\u00f0ur s\u00ednar og m\u00e6lir me\u00f0 a.m.k. 1 a\u00f0ila \u00ed hvert s\u00e6ti sem kj\u00f3sa skal.<br \/>\n<\/strong>D\u00fdrleif augl\u00fdsti eftir frambo\u00f0i \u00ed varastj\u00f3rn og \u00f3ska\u00f0i eftir a\u00f0 kynna ni\u00f0urst\u00f6\u00f0ur kj\u00f6rnefndar s\u00ed\u00f0ar \u00e1 fundinum.<\/p>\n<p class=\"p1\"><strong>12. Lagabreytingar.<br \/>\n<\/strong>Engar lagabreytingar.<\/p>\n<p class=\"p1\"><strong>13. Till\u00f6gur lag\u00f0ar fyrir fundinn.<br \/>\n<\/strong><em>Stj\u00f3rn B\u00cdL lag\u00f0i fram eftirfarandi till\u00f6gu:<br \/>\n<\/em><em>\u201eStj\u00f3rn Bandalags \u00edslenskra leikf\u00e9laga leggur til a\u00f0 2,5 m.kr. af verkefnastyrk a\u00f0ildarf\u00e9laganna ver\u00f0i l\u00e1tin ganga til rekstrar \u00fej\u00f3nustumi\u00f0st\u00f6\u00f0var Bandalagsins.\u201c<\/em><\/p>\n<p class=\"p1\">Tillagan sam\u00feykkt samhlj\u00f3\u00f0a.<\/p>\n<p class=\"p1\"><strong>14. Starfs\u00e1\u00e6tlun afgreidd.<br \/>\n<\/strong>Starfsh\u00f3par kynntu ni\u00f0urst\u00f6\u00f0ur s\u00ednar:<\/p>\n<p class=\"p1\"><strong><em>H\u00f3pur 1<br \/>\n<\/em><\/strong><em>Almenn starfsemi<br \/>\n<\/em><em>1. Rekstur \u00fej\u00f3nustust\u00f6\u00f0var, leiklistarsk\u00f3la, leiklistarvefsins og annara fastra li\u00f0a \u00ed starfseminni.<\/em><\/p>\n<p class=\"p1\"><em>Allskonar hugmyndir komu hvernig h\u00e6gt s\u00e9 a\u00f0 festa e\u00f0a kl\u00f3na Vilborgu \u00e1fram \u00fev\u00ed vi\u00f0 teljum a\u00f0 ekki s\u00e9 au\u00f0velt a\u00f0 feta \u00ed hennar f\u00f3tspor en fylgjumst me\u00f0 hvernig komandi fundur ver\u00f0ur me\u00f0 r\u00e1\u00f0uneyti. Herja \u00fearf \u00e1 mennta- og menningarm\u00e1lanefnd. Allir \u00ed h\u00f3pnum voru samm\u00e1la a\u00f0 \u00feessi starfsemi \u00fearf a\u00f0 vera og \u00ed fullu starfi og \u00fej\u00f3nustan \u00fearf a\u00f0 vera a\u00f0gengileg. Hvetja f\u00e9l\u00f6g til a\u00f0 styrkja sitt f\u00f3lk til a\u00f0 fara \u00ed sk\u00f3lann. B\u00faa til kynningarmyndband um sk\u00f3lann til a\u00f0 augl\u00fdsa hann og kynna.<\/em><\/p>\n<p class=\"p1\"><em>2. Leita eftir h\u00e6kku\u00f0um framl\u00f6gum \u00far opinberum sj\u00f3\u00f0um og fr\u00e1 einkaa\u00f0ilum til starfsemi \u00e1hugaleikf\u00e9laganna og sameiginlegra verkefna.<\/em><\/p>\n<p class=\"p1\"><em>A\u00f0 \u00e1hugaleikf\u00e9l\u00f6g myndi samstarf vi\u00f0 sitt b\u00e6jar- e\u00f0a sveitarf\u00e9lag um n\u00e1mskei\u00f0, hvort sem \u00fea\u00f0 er \u00ed sk\u00f3lum e\u00f0a \u00f6\u00f0rum vettvangi, sumarn\u00e1mskei\u00f0. En \u00fea\u00f0 borgar sig a\u00f0 vera me\u00f0 stuttverkah\u00e1t\u00ed\u00f0, \u00fea\u00f0 styrkir h\u00e6kkun \u00e1 styrkjum. Einnig a\u00f0 sveitir sameinist \u00ed stuttverkah\u00e1t\u00ed\u00f0, b\u00e6\u00f0i til a\u00f0 styrkja samstarf og til a\u00f0 styrkja leikf\u00e9l\u00f6gin.<\/em><\/p>\n<p class=\"p1\"><em>3. s\u00e9rverkefni<\/em><\/p>\n<p class=\"p1\"><em>1. undirb\u00faningur a\u00f0 leiklistarh\u00e1ti\u00f0 \u00ed einhverju formi sem haldin yr\u00f0i \u00ed tengslum vi\u00f0 70 \u00e1ra afm\u00e6li B\u00cdL \u00e1ri\u00f0 2020<\/em><\/p>\n<p class=\"p1\"><em>Umr\u00e6\u00f0a var um hvar best v\u00e6ri a\u00f0 halda \u00feessa h\u00e1ti\u00f0. Hreppar\u00edgur var og fannst h\u00f3pnum best a\u00f0 \u00feetta yr\u00f0i \u00fat \u00e1 landi og Akureyri v\u00e6ri vel til \u00feess fallin.<\/p>\n<p><\/em><\/p>\n<p class=\"p1\"><strong><em>H\u00f3pur 2<br \/>\n<\/em><\/strong><em>H\u00f3pstj\u00f3ri: Herd\u00eds (Halaleikh\u00f3purinn)<br \/>\n<\/em><em>Ritari: D\u00edsa (Freyvangsleikh\u00fasi\u00f0)<\/em><\/p>\n<p class=\"p1\"><em>Almenn starfsemi:<br \/>\n<\/em><em>1. \u00dej\u00f3nustumi\u00f0st\u00f6\u00f0in: Gegnir lykilhlutverki \u00ed starfsemi f\u00e9lagsins og mikil \u00e1n\u00e6gja er me\u00f0 st\u00f6rf Vilborgar og \u00fea\u00f0 ver\u00f0ur eftirsj\u00e1 a\u00f0 henni. H\u00f3purinn leggur til a\u00f0 leita\u00f0 ver\u00f0i a\u00f0 eftirmanni hennar \u00far r\u00f6\u00f0um f\u00e9lagsmanna.<\/em><\/p>\n<p class=\"p1\"><em>H\u00f3purinn leggur til a\u00f0 leita\u00f0 ver\u00f0i lei\u00f0a a\u00f0 samrekstri skrifstofu me\u00f0 fleirum s.s. annarri menningarstarfsemi e\u00f0a kynningarmi\u00f0st\u00f6\u00f0vum. Sl\u00edkt fyrirkomulag b\u00fd\u00f0ur upp \u00e1 hagr\u00e6\u00f0ingu \u00ed rekstri og samn\u00fdtingu t\u00e6kja.<\/em><\/p>\n<p class=\"p1\"><em>Hugmynd: Ver\u00f0ur \u00fej\u00f3nustumi\u00f0st\u00f6\u00f0in a\u00f0 vera sta\u00f0sett \u00e1 h\u00f6fu\u00f0borgarsv\u00e6\u00f0inu? Getur verslunin veri\u00f0 bara \u00e1 vefnum?<\/em><\/p>\n<p class=\"p1\"><em>Leiklistarsk\u00f3linn: Almenn \u00e1n\u00e6gja me\u00f0 starf sk\u00f3lans og sta\u00f0setningu hans \u00e1 Reykjum<\/em><\/p>\n<p class=\"p1\"><em>Leiklistarvefurinn: Fram kom tillaga a\u00f0 \u00fev\u00ed a\u00f0 \u00f6ll f\u00e9l\u00f6gin v\u00e6ru me\u00f0 b\u00f3kunarvef undir einum hatti \u00e1 leiklist.is (svipa\u00f0 fyrirkomulag og tix.is). H\u00f3purinn leggur til a\u00f0 sko\u00f0a\u00f0 ver\u00f0i hver kostna\u00f0ur yr\u00f0i vi\u00f0 a\u00f0 koma upp sl\u00edkum vef. A\u00f0 sameina f\u00e9l\u00f6gin \u00e1 \u00feennan h\u00e1tt b\u00fd\u00f0ur upp \u00e1 einfaldari b\u00f3kunarm\u00f6guleika, v\u00e6ntanlega \u00f3d\u00fdrari kost fyrir f\u00e9l\u00f6gin og eykur umfer\u00f0 inn \u00e1 vefinn sem g\u00e6ti gefi\u00f0 f\u00e6ri \u00e1 a\u00f0 selja augl\u00fdsingar \u00e1 leiklist.is<\/em><\/p>\n<p class=\"p1\"><em>A\u00f0rir li\u00f0ir: \u00c1hugi var fyrir \u00fev\u00ed a\u00f0 endurvekja stuttverkah\u00e1t\u00ed\u00f0 \u2013 \u00fea\u00f0 g\u00e6ti einnig veri\u00f0 til fj\u00e1r\u00f6flunar fyrir \u00fej\u00f3nustumi\u00f0st\u00f6\u00f0 \u2013 stu\u00f0lar einnig a\u00f0 auknu samstarfi a\u00f0ildarf\u00e9laga.<\/em><\/p>\n<p class=\"p1\"><em>2. Framl\u00f6g: Me\u00f0 aukinni umfer\u00f0 \u00e1 vefnum leiklist.is (sbr.hugmynd um b\u00f3kunarvef) v\u00e6ri e.t.v. m\u00f6guleiki \u00e1 a\u00f0 selja augl\u00fdsingar \u00e1 vefnum.<\/em><\/p>\n<p class=\"p1\"><em>Hugmynd: Hefur veri\u00f0 leita\u00f0 eftir bakhj\u00f6rlum fyrir starfsemina? Ef einhver fengist til a\u00f0 halda utan um sl\u00edkt ferli \u00fe\u00e1 v\u00e6ri h\u00e6gt a\u00f0 senda \u00fat br\u00e9f til \u00e1litlegra styrktara\u00f0ila. \u00dev\u00ed \u00fearf svo a\u00f0 fylgja eftir me\u00f0 s\u00edmtali e\u00f0a fundi me\u00f0 vi\u00f0komandi til a\u00f0 lj\u00e1 \u00fev\u00ed auki\u00f0 v\u00e6gi.<\/em><\/p>\n<p class=\"p1\"><em>Anna\u00f0: Munum a\u00f0 tryggja gott a\u00f0gengi fyrir alla a\u00f0 fundum, sk\u00f3lanum, h\u00e1t\u00ed\u00f0um og \u00feingi \u00e1 vegum bandalagsins.<\/em><\/p>\n<p class=\"p1\"><em>S\u00e9rverkefni:<br \/>\n<\/em><em>Leiklistarh\u00e1t\u00ed\u00f0 \u00ed tilefni a\u00f0 70 \u00e1ra afm\u00e6li B\u00cdL 2020.<\/em><\/p>\n<p class=\"p1\"><em>H\u00f3purinn gerir \u00fea\u00f0 a\u00f0 till\u00f6gu sinni a\u00f0 h\u00e1t\u00ed\u00f0in ver\u00f0i haldin \u00e1 landsbygg\u00f0inni, Akureyri\/Su\u00f0urland\/ Borgarfj\u00f6r\u00f0ur. Velja \u00fearf f\u00f3lk \u00ed undirb\u00faningsnefnd sem fyrst til a\u00f0 setja fram ramma um dagskr\u00e1 h\u00e1t\u00ed\u00f0arinnar. \u00c1hugi var fyrir a\u00f0 bj\u00f3\u00f0a \u00e1hugaleikf\u00e9l\u00f6gum\/samstarfsa\u00f0ilum fr\u00e1 \u00f6\u00f0rum l\u00f6ndum a\u00f0 taka \u00fe\u00e1tt.<\/p>\n<p><\/em><\/p>\n<p class=\"p1\"><strong><em>H\u00f3pur 3<br \/>\n<\/em><\/strong><em>Kolbr\u00fan H\u00fasav\u00edk, Stebba Halaleikh\u00f3pi, Hulda \u00d6lfus, Oddfreyja \u00d6lfus, Hugr\u00fan Hverager\u00f0i, S\u00f3lveig Flj\u00f3tsdalsh\u00e9ra\u00f0i, Benni Axels Biskupstungna, Halld\u00f3ra Freyvangi, Gunnar Bj\u00f6rn Hafnarfir\u00f0i, Inga L\u00e1ra Hafnarfir\u00f0i.<\/em><\/p>\n<p class=\"p1\"><em>Almenn starfsemi<br \/>\n<\/em><em>1. Rekstur \u00fej\u00f3nustumi\u00f0st\u00f6\u00f0var, Leiklistarsk\u00f3la, Leiklistarvefsins og annarra fastra li\u00f0a \u00ed starfseminni.<\/em><\/p>\n<p class=\"p1\"><em>\u00dej\u00f3nustumi\u00f0st\u00f6\u00f0. Til g\u00f3\u00f0s a\u00f0 geta veri\u00f0 inni \u00ed a\u00f0st\u00f6\u00f0u me\u00f0 \u00f6\u00f0rum og n\u00e1 \u00feannig a\u00f0 spara h\u00fasn\u00e6\u00f0iskostna\u00f0, en vi\u00f0 ver\u00f0um a\u00f0 hafa gott a\u00f0gengi a\u00f0 okkar starfsmanni (framkv\u00e6mdastj\u00f3ra). Huga \u00fearf a\u00f0 a\u00f0gengi fyrir alla. Gr\u00ed\u00f0arlega mikilv\u00e6gt a\u00f0 hafa framkv\u00e6mdastj\u00f3ra \u00ed fullu starfi. \u00dearf a\u00f0 f\u00e1 \u00f6flugan einstakling \u00far r\u00f6\u00f0um bandalagsins til \u00feess a\u00f0 taka vi\u00f0 af Vilborgu. H\u00e6tt vi\u00f0 a\u00f0 \u00fea\u00f0 g\u00e6ti lent \u00ed sk\u00faffu ef \u00feetta fer \u00ed fangi\u00f0 \u00e1 \u00f6\u00f0ru batter\u00edi. \u00dej\u00f3n.mi\u00f0st\u00f6\u00f0in er svo mikilv\u00e6g sem mi\u00f0ja sem heldur utanum alla starfsemi Bandalagsins.<\/em><\/p>\n<p class=\"p1\"><em>Ekkert \u00fev\u00ed til fyrirst\u00f6\u00f0u a\u00f0 reksturinn f\u00e6ri \u00fat \u00e1 land, t.d. \u00ed H\u00f6rg\u00e1rdalinn, ef svo ber undir.<\/em><\/p>\n<p class=\"p1\"><em>Leggjum til a\u00f0 \u00der\u00e1inn taki framkv\u00e6mdastj\u00f3rast\u00f6\u00f0una a\u00f0 s\u00e9r. H\u00f6r\u00f0ur k\u00e6mi sterkur inn. \u00dea\u00f0 liggur \u00e1 a\u00f0 huga a\u00f0 arftaka Vilborgar svo h\u00e6gt s\u00e9 a\u00f0 \u00fej\u00e1lfa vi\u00f0komandi \u00ed a\u00f0 taka vi\u00f0.<\/em><\/p>\n<p class=\"p1\"><em>Leiklistarsk\u00f3li. Allt \u00ed g\u00f3\u00f0um h\u00f6ndum og g\u00f3\u00f0um farvegi. Mikilv\u00e6gt a\u00f0 hvetja f\u00e9laga til \u00feess a\u00f0 fara \u00ed sk\u00f3lann, \u00fea\u00f0 skilar s\u00e9r margfalt inn \u00ed starfsemina. Vi\u00f0 eigum \u00feennan sk\u00f3la.<\/em><\/p>\n<p class=\"p1\"><em>Bj\u00f3\u00f0a utana\u00f0komandi til a\u00f0 fulln\u00fdta sk\u00f3lann ef bandalagsf\u00e9lagar n\u00fdta hann ekki.<\/em><\/p>\n<p class=\"p1\"><em>Leiklistarvefur. S\u00f6mulei\u00f0is allt \u00ed g\u00f3\u00f0um h\u00f6ndum og farvegi.<\/em><\/p>\n<p class=\"p1\"><em>A\u00f0rir fastir li\u00f0ir. \u00dearf a\u00f0 leita lei\u00f0a til a\u00f0 kynna starfsemina betur, til a\u00f0 n\u00e1 til leikf\u00e9laga sem eru minna virk. Leggjum til a\u00f0 B\u00cdL-b\u00edllinn fari um landi\u00f0 \u00ed sumar til a\u00f0 selja b\u00f3kina, f\u00e6r hagna\u00f0inn af b\u00f3kinni. Gott sumarstarf fyrir hressan einstakling. M\u00e6tti gera framhaldsser\u00edu af b\u00f3kinni \u00feannig a\u00f0 \u00feetta g\u00e6ti or\u00f0i\u00f0 fast gigg fyrir vi\u00f0komandi \u00e1rum saman. Gunnar Bj\u00f6rn \u00f3skar eftir kvikmyndar\u00e9ttinum \u00fev\u00ed hann hefur gott a\u00f0gengi a\u00f0 \u00f3d\u00fdrum leikurum sem kunna handriti\u00f0.<\/em><\/p>\n<p class=\"p1\"><em>2. Leita eftir h\u00e6kku\u00f0um framl\u00f6gum \u00far opinberum sj\u00f3\u00f0um og fr\u00e1 einkaa\u00f0ilum til starfsemi \u00e1hugaleikf\u00e9laganna og sameiginlegra verkefna.<\/em><\/p>\n<p class=\"p1\"><em>Til\u00ed\u00f0a. Nefnt a\u00f0 \u00fea\u00f0 s\u00e9 hef\u00f0 fyrir \u00fev\u00ed \u00ed sumum sveitarf\u00e9l\u00f6gum (ef ekki flestum) a\u00f0 leita til banka e\u00f0a annarra einkaa\u00f0ila til stu\u00f0nings vegna verkefna. Sum sveitarf\u00e9l\u00f6g standa vel vi\u00f0 baki\u00f0 \u00e1 s\u00ednum leikf\u00e9l\u00f6gum, \u00f6nnur ekki.<\/em><\/p>\n<p class=\"p1\"><em>Bandalagi\u00f0. \u00ddmsir erlendir sj\u00f3\u00f0ir til sem h\u00e6gt er a\u00f0 leita \u00ed vegna tiltekinna verkefna, ss. fyrir 70 \u00e1ra afm\u00e6linu. Halda \u00e1fram a\u00f0 vera \u00fati me\u00f0 allar kl\u00e6r \u00ed styrkjam\u00e1lum, bj\u00f3\u00f0a s\u00f3\u00f0afyrirt\u00e6kjum syndaaflausn.<\/em><\/p>\n<p class=\"p1\"><em>S\u00e9rverkefni<br \/>\n<\/em><em>3. Undirb\u00faningur a\u00f0 leiklistarh\u00e1t\u00ed\u00f0 \u00ed einhverju formi sem haldin yr\u00f0i \u00ed tengslum vi\u00f0 70 \u00e1ra afm\u00e6li B\u00cdL \u00e1ri\u00f0 2020.<\/em><\/p>\n<p class=\"p1\"><em>Allar s\u00fdningar \u00e1rsins hj\u00e1 leikf\u00e9l\u00f6gunum afm\u00e6liss\u00fdningar til hei\u00f0urs B\u00cdL. Kafli um Bandalagi\u00f0 \u00ed \u00f6llum leikskr\u00e1r. Yr\u00f0u l\u00e9ttf\u00e6ranlegar s\u00fdningar svo h\u00e6gt yr\u00f0i a\u00f0 flytja \u00fe\u00e6r \u00e1 h\u00e1t\u00ed\u00f0, ef \u00e1hugi er fyrir hendi hj\u00e1 vi\u00f0k. leikf\u00e9lagi. Engar skor\u00f0ur \u00e1 s\u00fdningum. Akureyri v\u00e6ri fr\u00e1b\u00e6r sta\u00f0ur, g\u00e6tum s\u00fdnt v\u00ed\u00f0a.<\/em><\/p>\n<p class=\"p1\"><em>H\u00f3purinn vill benda \u00e1 mikilv\u00e6gi \u00feess a\u00f0 menn tali sk\u00fdrt og skorinort \u00feegar \u00feeir bj\u00f3\u00f0a til veitinga svo \u00feeir valdi ekki vonbrig\u00f0um.<\/p>\n<p><\/em><\/p>\n<p class=\"p1\"><strong><em>H\u00f3pur 4<\/em><\/strong><\/p>\n<p class=\"p1\"><em>1. Almenn starfsemi<br \/>\n<\/em><em><br \/>\n\u00dej\u00f3nustumi\u00f0st\u00f6\u00f0in<br \/>\n<\/em><em>M\u00e1 reka \u00fej\u00f3nustumi\u00f0st\u00f6\u00f0ina me\u00f0 annarri starfsemi, deila skrifstofukostna\u00f0i?<br \/>\n<\/em><em>Er h\u00e6gt a\u00f0 \u201eoutsource\u201c einhverjum hlutum starfseminnar?<br \/>\n<\/em><em>Hvernig kemur r\u00edki\u00f0 a\u00f0 rekstri ungmennaf\u00e9lagana, erum vi\u00f0 \u00e1 svipu\u00f0um sta\u00f0 e\u00f0a\u00a0<\/em><em>v\u00e6ri m\u00f6guleiki a\u00f0 hafa \u00fej\u00f3nustumi\u00f0st\u00f6\u00f0ina \u00e1 \u00f6\u00f0rum sta\u00f0, t.d. \u00e1 landsbygg\u00f0inni, \u00f3d\u00fdrari leiga?<\/em><\/p>\n<p class=\"p1\"><em style=\"font-family: -apple-system, BlinkMacSystemFont, 'Segoe UI', Roboto, Oxygen-Sans, Ubuntu, Cantarell, 'Helvetica Neue', sans-serif;\">Leiklistarsk\u00f3linn<br \/>\n<\/em><em>A\u00f0gengi fyrir fatla\u00f0a, eru betrumb\u00e6tur m\u00f6gulegar.<br \/>\n<\/em><em>T\u00e6knin\u00e1mskei\u00f0, lj\u00f3s og hlj\u00f3\u00f0?<br \/>\n<\/em><em>F\u00f6r\u00f0unarn\u00e1mskei\u00f0?<br \/>\n<\/em><em>Leikf\u00e9l\u00f6g a\u00f0 halda n\u00e1mskei\u00f0 saman, \u00feau sem kannski ekki henta sk\u00f3lanum.<br \/>\n<\/em><em>Heitara og betra ve\u00f0ur.<\/em><\/p>\n<p class=\"p1\"><em>Leiklistarvefur og \u00f6nnur f\u00f6st starfsemi<br \/>\n<\/em><em>T\u00e6kjab\u00fana\u00f0ur, m\u00e1 reyna a\u00f0 s\u00e6kja um styrk til Advania e\u00f0a samb\u00e6rilegra til a\u00f0 endurn\u00fdja t\u00e6kjab\u00fana\u00f0 gegn augl\u00fdsingum \u00ed einhvern t\u00edma.<\/em><\/p>\n<p class=\"p1\"><em>Almenn starfsemi, fj\u00e1rmagn.<br \/>\n<\/em><em>Auki\u00f0 f\u00e9 og styrkir<br \/>\n<\/em><em>Augl\u00fdsinga\u00f6flun \u00ed leikskr\u00e1r og anna\u00f0 er minnkandi, hvers vegna, or\u00f0i\u00f0 meira rafr\u00e6nt og sj\u00e1lfvirkt hj\u00e1 fyrirt\u00e6kjum.<br \/>\n<\/em><em>Lj\u00f3st a\u00f0 framlag stj\u00f3rnvalda er mj\u00f6g mikilv\u00e6gt, hvers vir\u00f0i eru leikf\u00e9l\u00f6gin, hva\u00f0 hafa \u00ed\u00fer\u00f3ttaf\u00e9l\u00f6gin fram yfir leiklistina?<br \/>\n<\/em><em>\u00c1 hva\u00f0a forsendum erum vi\u00f0 a\u00f0 s\u00e6kja f\u00e9 \u00far opinberum sj\u00f3\u00f0um, erum vi\u00f0 a\u00f0 segja \u00fea\u00f0 sem sj\u00f3\u00f0irnir vilja heyra?<br \/>\n<\/em><em>Er m\u00f6gulegt a\u00f0 gera samning vi\u00f0 eitthvert st\u00f3rfyrirt\u00e6kja l\u00edkt og \u00ed\u00fer\u00f3ttaf\u00e9l\u00f6gin?<br \/>\n<\/em><em>Tala vi\u00f0 KS<br \/>\n<\/em><em>Erfitt a\u00f0 s\u00e6kja f\u00e9 \u00ed fyrirt\u00e6ki, offrambo\u00f0 \u00e1 menningu?<\/em><\/p>\n<p class=\"p1\"><em>S\u00e9rverkefni, Leiklistarh\u00e1t\u00ed\u00f0 70 \u00e1ra afm\u00e6li B\u00cdL 2020.<br \/>\n<\/em><em>S\u00e6kja s\u00e9rstaklega um styrk til h\u00e1t\u00ed\u00f0arhaldanna, til r\u00edkis e\u00f0a st\u00f3rfyrirt\u00e6kis.<br \/>\n<\/em><em>Dreifa \u00e1 nokkur leikf\u00e9l\u00f6g \u00e1 sama sv\u00e6\u00f0i og h\u00e1t\u00ed\u00f0in haldin \u00e1 sv\u00e6\u00f0inu \u00f6llu, h\u00e1lfgert HM leiklistarinnar.<br \/>\n<\/em><em>Skrifa s\u00e9rleg verk fyrir h\u00e1t\u00ed\u00f0ina, \u00feema e\u00f0a landsfj\u00f3r\u00f0ungatengt.<br \/>\n<\/em><em>\u00dej\u00f3\u00f0leikskoncepti\u00f0.<br \/>\n<\/em><em>Verndari h\u00e1t\u00ed\u00f0arinnar, forsetinn &#8230; Hann Forsetinn!<br \/>\n<\/em><em>Vera s\u00fdnileg, vera grand, taka \u00e1h\u00e6ttu, hugsa st\u00f3rt.<br \/>\n<\/em><em>Opin leikh\u00fas um allt land \u00feennan dag, augl\u00fdst \u00e1 landsv\u00edsu.<\/p>\n<p><\/em><\/p>\n<p class=\"p1\"><strong><em>H\u00f3pur 5<br \/>\n<\/em><\/strong><em>Almenn starfsemi<br \/>\n<\/em><em>1. Rekstur \u00fej\u00f3nustumi\u00f0st\u00f6\u00f0var, Leiklistarsk\u00f3la, Leiklistarvefsins og annarra fastra li\u00f0a \u00ed starfseminni.<br \/>\n<\/em><em>Vi\u00f0 viljum l\u00fdsa \u00e1n\u00e6gju okkar me\u00f0 fr\u00e1b\u00e6ra \u00fej\u00f3nustu Vilborgar \u00ed \u00fej\u00f3nustumi\u00f0st\u00f6\u00f0 B\u00cdL s\u00ed\u00f0ustu 40 \u00e1r og munum vi\u00f0 sakna hennar miki\u00f0.<br \/>\n<\/em><em>Mikilv\u00e6gt ver\u00f0ur a\u00f0 velja n\u00fdjan framkv\u00e6mdastj\u00f3ra vel og a\u00f0 rekstur haldi \u00e1fram \u00ed \u00f3breyttri mynd en renni ekki inn \u00ed rekstur annarrar stofnunnar.<\/p>\n<p><\/em><em>Mikil \u00e1n\u00e6gja er me\u00f0 starfsemi Bandalagssk\u00f3lans og var samvinna milli n\u00e1mskei\u00f0a \u00e1 s\u00ed\u00f0asta \u00e1ri s\u00e9rstaklega \u00e1n\u00e6gjuleg. N\u00fd sta\u00f0setning sk\u00f3lans er fr\u00e1b\u00e6r og a\u00f0sta\u00f0an henta\u00f0i vel fyrir starfsemina.<\/em><\/p>\n<p class=\"p1\"><em>Almenn \u00e1n\u00e6gja er me\u00f0 vef Bandalagsins.<\/em><\/p>\n<p class=\"p1\"><em>2. Leita\u00f0 eftir h\u00e6kku\u00f0um framl\u00f6gum \u00far opinberum sj\u00f3\u00f0um og fr\u00e1 einkaa\u00f0ilum til starfsemi \u00e1hugaleikf\u00e9laganna og sameiginlegra verkefna.<br \/>\n<\/em><em>Vi\u00f0 r\u00e6ddum miki\u00f0 hva\u00f0a r\u00f6kum v\u00e6ri h\u00e6gt a\u00f0 beita til a\u00f0 f\u00e1 r\u00edki\u00f0 til a\u00f0 h\u00e6kka styrki til bandalagsins og leikf\u00e9lagana og h\u00e9r er samantekt \u00e1 \u00feeim hugmyndum sem komu fram:<br \/>\n<\/em><em>A\u00f0sta\u00f0a &#8211; leiklistari\u00f0kun \u00fearfnast a\u00f0st\u00f6\u00f0u og rekstur og vi\u00f0hald h\u00fasn\u00e6\u00f0is er kostna\u00f0arsamur.<br \/>\n<\/em><em>Menning og \u00fe\u00e1tttaka \u00ed \u00feroskandi menningarstarfi \u00ed n\u00e6rumhverfi er mikilv\u00e6g samf\u00e9laginu og \u00fea\u00f0 \u00fearf a\u00f0 vera einhver annar valkostur fyrir b\u00f6rn og unglinga en \u00ed\u00fer\u00f3ttir. Mikilv\u00e6gt er a\u00f0 efla grasr\u00f3t menningarstarfsemi \u00fat um allt land me\u00f0 \u00fev\u00ed a\u00f0 veita b\u00f6rnum og fullor\u00f0num a\u00f0gang a\u00f0 metna\u00f0arfullri listsk\u00f6pun.<br \/>\n<\/em><em>Styrkir hafa l\u00edti\u00f0 h\u00e6kka\u00f0 s\u00ed\u00f0an \u00ed hruninu fyrir 10 \u00e1rum. Fyrr \u00e1 \u00e1rum var mi\u00f0a\u00f0 vi\u00f0 a\u00f0 fullur styrkur fyrir s\u00fdningu \u00ed fullri lengd dyg\u00f0i fyrir leikstj\u00f3ralaunum. \u00c1 s\u00ed\u00f0asta \u00e1ri var hann u.\u00fe.b. einn \u00feri\u00f0ji af \u00feeim. Sem s\u00fdnir a\u00f0 \u00feeir hafa alls ekki fylgt ver\u00f0lag- og launa\u00fer\u00f3un s\u00ed\u00f0ustu \u00e1ra.<br \/>\n<\/em><em>Erfitt er a\u00f0 s\u00e6kja a\u00f0ra styrki til r\u00edkis e\u00f0a \u00ed a\u00f0ra sj\u00f3\u00f0i eins og t.d. til fer\u00f0alaga \u00e1 leiklistarh\u00e1t\u00ed\u00f0ir og \u00feurfa leikf\u00e9l\u00f6g og leikf\u00e9lagar a\u00f0 standa straum af \u00f6llum kostna\u00f0i vi\u00f0 \u00fe\u00e6r, \u00fe\u00f3 a\u00f0 \u00edslenskt \u00e1hugaleikh\u00fas s\u00e9 fr\u00e1b\u00e6r fulltr\u00fai menningarstarfsemi \u00e1 \u00cdslandi.<br \/>\n<\/em><em>Vi\u00f0 leggjum til a\u00f0 be\u00f0i\u00f0 ver\u00f0i um h\u00e6kkun \u00e1 styrk fr\u00e1 18 millj\u00f3num \u00ed 50 millj\u00f3nir. \u00dea\u00f0 v\u00e6ri t.d. h\u00e6gt a\u00f0 f\u00e6kka al\u00feingism\u00f6nnum um tvo.<br \/>\n<\/em><em>Einnig kom upp s\u00fa hugmynd a\u00f0 afla fj\u00e1r me\u00f0 \u00fev\u00ed a\u00f0 stofna sm\u00e1l\u00e1nafyrirt\u00e6ki B\u00cdLL\u00c1N en si\u00f0fer\u00f0i \u00feeirrar hugmyndir m\u00e6ldist misjafnlega fyrir \u00ed h\u00f3pnum :).<\/em><\/p>\n<p class=\"p1\"><em>S\u00e9rverkefni<br \/>\n<\/em><em>1. Undirb\u00faningur a\u00f0 leiklistarh\u00e1t\u00ed\u00f0 \u00ed einhverju formi sem haldin yr\u00f0i \u00ed tengslum vi\u00f0 70 \u00e1ra afm\u00e6li B\u00cdL.<br \/>\n<\/em><em>Upp kom s\u00fa hugmynd a\u00f0 hafa samband vi\u00f0 Listah\u00e1t\u00ed\u00f0 \u00ed Reykjav\u00edk og sj\u00e1 hvort a\u00f0 leiklistarh\u00e1t\u00ed\u00f0 g\u00e6ti falli\u00f0 inn \u00ed dagskr\u00e1 Listah\u00e1t\u00ed\u00f0ar 2020. N\u00faverandi forma\u00f0ur listah\u00e1t\u00ed\u00f0ar er Vigd\u00eds Jakobsd\u00f3ttir, sem starfa\u00f0i um \u00e1rabil me\u00f0 \u00e1hugaleikf\u00e9l\u00f6gum og \u00feekkir \u00fev\u00ed til \u00feeirra og einnig hefur veri\u00f0 r\u00e6tt um tengingu listah\u00e1t\u00ed\u00f0ar vi\u00f0 al\u00fe\u00fd\u00f0umenningu, sem okkur \u00feykir eiga vel vi\u00f0 \u00ed tilfelli B\u00cdL og \u00e1hugaleiklistar.<\/em><\/p>\n<p class=\"p1\"><em>Einnig komum fram nokkrar till\u00f6gur a\u00f0 formi h\u00e1t\u00ed\u00f0ar:<br \/>\n<\/em><em>Hvetja \u00e1hugaleikf\u00e9l\u00f6gin \u00e1 n\u00e6sta \u00feingi til a\u00f0 setja upp \u201cf\u00e6ranleg\u201d verk sem h\u00e6gt v\u00e6ri a\u00f0 taka me\u00f0 \u00e1 t\u00e9\u00f0a leiklistarh\u00e1t\u00ed\u00f0.<br \/>\n<\/em><em>Semja eitt handrit sem f\u00e9l\u00f6gin myndu svo koma me\u00f0 mismunandi atri\u00f0i \u00fat.<br \/>\n<\/em><em>Semja tv\u00f6 stuttverka handrit sem f\u00e9l\u00f6gin myndu setja upp \u00feannig a\u00f0 vi\u00f0 fengjum margar \u00fatg\u00e1fur af sama verki. (\u00dej\u00f3\u00f0leiksformi\u00f0)<\/em><\/p>\n<p class=\"p1\">Tillaga stj\u00f3rnar sam\u00feykkt \u00e1n vi\u00f0b\u00f3ta.<\/p>\n<p class=\"p1\">Fundi fresta\u00f0 kl. 17.00.<\/p>\n<p>&nbsp;<\/p>\n<p class=\"p1\">Fundi framhaldi\u00f0 6. ma\u00ed kl. 10:00<\/p>\n<p class=\"p1\"><strong>15. Stj\u00f3rnarkj\u00f6r.<br \/>\n<\/strong>\u00cd frambo\u00f0i til a\u00f0alstj\u00f3rnar eru \u00der\u00e1inn Sigvaldason, Anna Mar\u00eda Hj\u00e1lmarsd\u00f3ttir og \u00d3l\u00f6f \u00de\u00f3r\u00f0ard\u00f3ttir. Eru \u00feau \u00fev\u00ed sj\u00e1lfkj\u00f6rin \u00ed a\u00f0alstj\u00f3rn. Bernhar\u00f0 Arnarson gaf ekki kost \u00e1 s\u00e9r.<\/p>\n<p class=\"p1\">\u00cd frambo\u00f0i til varastj\u00f3rnar eru Sigr\u00ed\u00f0ur Hafsteinsd\u00f3ttir, Hanna Margr\u00e9t Kristleifsd\u00f3ttir, Hafsteinn \u00de\u00f3risson og Magn\u00fe\u00f3ra Kristj\u00e1nsd\u00f3ttir. Frambj\u00f3\u00f0endur h\u00e9ldu magna\u00f0ar frambo\u00f0sr\u00e6\u00f0ur og svo var gengi\u00f0 til kosninga. Kj\u00f6r hlutu Sigr\u00ed\u00f0ur og Magn\u00fe\u00f3ra.<\/p>\n<p class=\"p1\"><strong>16. a. Kosning 3ja manna kj\u00f6rnefndar og eins varamanns til eins \u00e1rs. b. Kosning 2ja sko\u00f0unarmanna reikninga og eins til vara til eins \u00e1rs.<br \/>\n<\/strong>a. Kj\u00f6rnefnd skipa D\u00fdrleif J\u00f3nsd\u00f3ttir, Ger\u00f0ur H Sigur\u00f0ard\u00f3ttir, Sigr\u00ed\u00f0ur L\u00e1ra Sigurj\u00f3nsd\u00f3ttir og Axel Vatnsdal til vara.<br \/>\nb. Sko\u00f0unarmenn reikninga ver\u00f0a Hrefna Fri\u00f0riksd\u00f3ttir, J\u00f3nhei\u00f0ur \u00cdsleifsd\u00f3ttir og Oddfreyja H Oddfreysd\u00f3ttir til vara.<\/p>\n<p class=\"p1\"><strong>17. \u00c1kve\u00f0i\u00f0 \u00e1rgjald til Bandalagsins.<br \/>\n<\/strong>G\u00edsli Bj\u00f6rn Heimisson kynnti till\u00f6gu stj\u00f3rnar.<\/p>\n<p class=\"p1\"><em>Tillaga stj\u00f3rnar a\u00f0 \u00e1rgjaldi leik\u00e1ri\u00f0 2018-2019<\/em><\/p>\n<p class=\"p1\"><em>Stj\u00f3rn Bandalags \u00edslenskra leikf\u00e9laga leggur til a\u00f0 \u00e1rgj\u00f6ld a\u00f0ildarf\u00e9laga fyrir leik\u00e1ri\u00f0 2018-2019 ver\u00f0i kr. 71.600.<\/em><\/p>\n<p class=\"p1\"><em>F\u00e9l\u00f6g sem setja upp tv\u00e6r styrkh\u00e6far s\u00fdningar \u00e1 leik\u00e1rinu borgi eitt og h\u00e1lft gjald e\u00f0a kr.107.400 og f\u00e9l\u00f6g sem setja upp \u00ferj\u00e1r s\u00fdningar e\u00f0a fleiri borgi tv\u00f6falt gjald e\u00f0a kr. 143.200.<\/em><\/p>\n<p class=\"p1\"><em>F\u00e9l\u00f6g sem setja ekki upp styrkh\u00e6fa s\u00fdningu \u00e1 leik\u00e1rinu borgi h\u00e1lft \u00e1rgjald e\u00f0a kr. 35.800.<\/em><\/p>\n<p class=\"p1\">G\u00edsli \u00fatsk\u00fdr\u00f0i a\u00f0 h\u00e6kkunin v\u00e6ri \u00ed samr\u00e6mi vi\u00f0 launah\u00e6kkanir VR \u00e1 s\u00ed\u00f0asta \u00e1ri e\u00f0a 4%.<\/p>\n<p class=\"p1\">Tillagan borin undir fundinn og sam\u00feykkt.<\/p>\n<p class=\"p1\"><strong>18. \u00d6nnur m\u00e1l.<br \/>\n<\/strong>Vilborg Valgar\u00f0sd\u00f3ttir kom \u00ed pontu og r\u00e6ddi um a\u00f0gengi fyrir fatla\u00f0a \u00ed Bandalagssk\u00f3lanum.<span class=\"Apple-converted-space\">\u00a0 <\/span>Ekki er von til \u00feess a\u00f0 a\u00f0st\u00e6\u00f0ur \u00ed \u00feeim efnum batni \u00ed Reykjask\u00f3la, einkum vegna \u00feess a\u00f0 \u00feegar sk\u00f3lab\u00fa\u00f0irnar taka \u00e1 m\u00f3ti f\u00f6tlu\u00f0um nemendum koma \u00feeir undantekningarlaust me\u00f0 a\u00f0sto\u00f0armenn me\u00f0 s\u00e9r.<br \/>\nAnna Mar\u00eda Hj\u00e1lmarsd\u00f3ttir kynnti hugmynd sem kvikna\u00f0i var\u00f0andi s\u00f6lu \u00e1 b\u00f3kinni g\u00f3\u00f0u, Allt fyrir andann, \u00fea\u00f0 er a\u00f0 f\u00e1 Herbert Gu\u00f0mundsson til a\u00f0 selja hana. Herd\u00eds sag\u00f0i fr\u00e1 \u00fev\u00ed a\u00f0 h\u00fan v\u00e6ri dugleg a\u00f0 selja b\u00f3kina \u00e1 b\u00f3kam\u00f6rku\u00f0um. Hafr\u00fan hvatti fundarmenn til \u00feess a\u00f0 kaupa b\u00f3kina.<\/p>\n<p class=\"p1\">Gu\u00f0r\u00fan Esther \u00c1rnad\u00f3ttir spur\u00f0i hvort f\u00f3lk fengi afsl\u00e1tt \u00ed sk\u00f3lann ef \u00fea\u00f0 \u00fearf a\u00f0 hafa me\u00f0 s\u00e9r a\u00f0sto\u00f0armenn vegna skorts \u00e1 a\u00f0gengi fyrir fatla\u00f0a.<\/p>\n<p class=\"p1\"><strong>19. N\u00e6sti a\u00f0alfundur, hugmyndir reifa\u00f0ar um sta\u00f0 og stund.<br \/>\n<\/strong>Berglind \u00d3sk Ing\u00f3lfsd\u00f3ttir og Kolbr\u00fan Ada Gunnarsd\u00f3ttir fr\u00e1 Leikf\u00e9lagi H\u00fasav\u00edkur bj\u00f3\u00f0a \u00feinginu heim a\u00f0 \u00e1ri og var \u00fev\u00ed fagna\u00f0 me\u00f0 l\u00f3faklappi.<\/p>\n<p class=\"p1\">Gu\u00f0finna forma\u00f0ur steig \u00ed pontu og \u00feakka\u00f0i gestgj\u00f6funum fyrir g\u00f3\u00f0ar m\u00f3tt\u00f6kur og fundarm\u00f6nnum fyrir g\u00f3\u00f0an fund. Einnig \u00feakka\u00f0i h\u00fan \u00feeim sem eru a\u00f0 hverfa \u00far stj\u00f3rn og bau\u00f0 n\u00fdtt f\u00f3lk velkomi\u00f0. H\u00fan \u00e1r\u00e9tta\u00f0i mikilv\u00e6gi \u00feess a\u00f0 sveitarf\u00e9l\u00f6gin sty\u00f0ji vi\u00f0 baki\u00f0 \u00e1 leikf\u00e9l\u00f6gunum og stefnir \u00e1 a\u00f0 stj\u00f3rn beiti s\u00e9r \u00ed a\u00f0 \u00fer\u00fdsta \u00e1 sveitarf\u00e9l\u00f6gin a\u00f0 gera betur \u00ed \u00feessum efnum. H\u00fan hvatti f\u00e9laga til a\u00f0 vera duglega a\u00f0 peppa hverja a\u00f0ra upp og kynna starf leikf\u00e9laganna, deila vi\u00f0bur\u00f0um og segja fr\u00e1 s\u00fdningum.<\/p>\n<p class=\"p1\">Fundi sliti\u00f0 kl. 10:48.<\/p>","protected":false},"excerpt":{"rendered":"<p>Forma\u00f0ur Bandalagsins, Gu\u00f0finna Gunnarsd\u00f3ttir setur fundinn kl. 13:00. 1. Fundarsetning. Kosning 2ja fundarstj\u00f3ra og 2ja fundarritara sem taka \u00feegar til starfa. L\u00f6gm\u00e6ti fundarins kanna\u00f0. \u00deorvaldur J\u00f3nsson og Steinunn Gar\u00f0arsd\u00f3ttir fr\u00e1 Umf. Reykd\u00e6la skipa\u00f0ir fundarstj\u00f3rar og Ingveldur L\u00e1ra \u00de\u00f3r\u00f0ard\u00f3ttir Leikf\u00e9lagi Hafnarfjar\u00f0ar og Magn\u00fe\u00f3ra Kristj\u00e1nsd\u00f3ttir Leikf\u00e9lagi \u00d6lfuss skipa\u00f0ir fundarritarar. Fundur telst l\u00f6gm\u00e6tur. 2. Kj\u00f6rnefnd afgrei\u00f0ir kj\u00f6rbr\u00e9f og [&hellip;]<\/p>\n","protected":false},"author":3,"featured_media":0,"comment_status":"closed","ping_status":"closed","sticky":false,"template":"","format":"standard","meta":{"_et_pb_use_builder":"","_et_pb_old_content":"","_et_gb_content_width":"","footnotes":""},"categories":[206],"tags":[],"class_list":["post-10638","post","type-post","status-publish","format-standard","hentry","category-adalfundargerdir","et-doesnt-have-format-content","et_post_format-et-post-format-standard"],"_links":{"self":[{"href":"https:\/\/leiklist.is\/en\/wp-json\/wp\/v2\/posts\/10638","targetHints":{"allow":["GET"]}}],"collection":[{"href":"https:\/\/leiklist.is\/en\/wp-json\/wp\/v2\/posts"}],"about":[{"href":"https:\/\/leiklist.is\/en\/wp-json\/wp\/v2\/types\/post"}],"author":[{"embeddable":true,"href":"https:\/\/leiklist.is\/en\/wp-json\/wp\/v2\/users\/3"}],"replies":[{"embeddable":true,"href":"https:\/\/leiklist.is\/en\/wp-json\/wp\/v2\/comments?post=10638"}],"version-history":[{"count":0,"href":"https:\/\/leiklist.is\/en\/wp-json\/wp\/v2\/posts\/10638\/revisions"}],"wp:attachment":[{"href":"https:\/\/leiklist.is\/en\/wp-json\/wp\/v2\/media?parent=10638"}],"wp:term":[{"taxonomy":"category","embeddable":true,"href":"https:\/\/leiklist.is\/en\/wp-json\/wp\/v2\/categories?post=10638"},{"taxonomy":"post_tag","embeddable":true,"href":"https:\/\/leiklist.is\/en\/wp-json\/wp\/v2\/tags?post=10638"}],"curies":[{"name":"wp","href":"https:\/\/api.w.org\/{rel}","templated":true}]}}