{"id":1029,"date":"2006-10-31T09:18:21","date_gmt":"2006-10-31T09:18:21","guid":{"rendered":"http:\/\/wp.leiklist.is\/?p=1029"},"modified":"2006-10-31T09:18:21","modified_gmt":"2006-10-31T09:18:21","slug":"listin-afa","status":"publish","type":"post","link":"https:\/\/leiklist.is\/en\/listin-afa\/","title":{"rendered":"Listin a\u00f0 lifa"},"content":{"rendered":"<p><img loading=\"lazy\" decoding=\"async\" src=\"http:\/\/www.leiklist.is\/10\/images\/stories\/Adildarfelog\/Austur\/Fljotsdalsherad\/06_07\/Listin\/listin.jpg\" width=\"200\" height=\"133\" style=\"float: right;\" hspace=\"6\" alt=\"Image\" title=\"Image\" border=\"0\" \/>Leikf&eacute;lag Flj\u00f3tsdalsh&eacute;ra&eth;s er &thorn;essa dagana a&eth; &aelig;fa leikriti&eth; &bdquo;Listin a&eth; lifa&ldquo; eftir Sigr\u00ed&eth;i L\u00e1ru Sigurj\u00f3nsd\u00f3ttir. Leikriti&eth; er s&eacute;rstaklega sami&eth; fyrir Leikf&eacute;lag Flj\u00f3tsdalsh&eacute;ra&eth;s \u00ed tilefni af 40 \u00e1ra afm&aelig;li leikf&eacute;lagsins. <\/p>\n<p> <!--more--> Leikstj\u00f3ri \u00e1 verkinu er Oddur Bjarni &THORN;orkelsson en hann hefur sett upp fj&ouml;lda verka h&eacute;r \u00e1 H&eacute;ra&eth;i. Leikarar \u00ed s\u00fdningunni eru &thorn;au Eygl\u00f3 Dan\u00edelsd\u00f3ttir, Oddn\u00fd \u00d3laf\u00eda S&aelig;varsd\u00f3ttir og &THORN;r\u00e1inn Sigvaldason. \u00cd leikritinu er fylgst me&eth; &aelig;vi &thorn;eirra Didda, Duddu og D\u00fau fr\u00e1 &thorn;v\u00ed &thorn;au eru kornab&ouml;rn og allt &thorn;ar til &thorn;au eru komin \u00e1 elliheimili og samb&ouml;ndum &thorn;eirra eru ger&eth; skil \u00e1 fyndinn og skemmtilegan h\u00e1tt.<br \/> &nbsp;<br \/> Listin a&eth; lifa ver&eth;ur frums\u00fdnt \u00e1 I&eth;av&ouml;llum laugardaginn 11. n\u00f3vember klukkan 20:00. S\u00fdningar ver&eth;a s\u00ed&eth;an n\u00e1nar augl\u00fdstar \u00ed dagskr\u00e1nni og v\u00ed&eth;ar.<br \/><em> &nbsp;<br \/> Me&eth;fylgjandi er mynd sem Gunnar Gunnarsson t\u00f3k \u00e1 &aelig;fingu inn \u00e1 I&eth;av&ouml;llum.<\/em><\/p>","protected":false},"excerpt":{"rendered":"<p>Leikf&eacute;lag Flj\u00f3tsdalsh&eacute;ra&eth;s er &thorn;essa dagana a&eth; &aelig;fa leikriti&eth; &bdquo;Listin a&eth; lifa&ldquo; eftir Sigr\u00ed&eth;i L\u00e1ru Sigurj\u00f3nsd\u00f3ttir. Leikriti&eth; er s&eacute;rstaklega sami&eth; fyrir Leikf&eacute;lag Flj\u00f3tsdalsh&eacute;ra&eth;s \u00ed tilefni af 40 \u00e1ra afm&aelig;li leikf&eacute;lagsins.<\/p>","protected":false},"author":3,"featured_media":0,"comment_status":"open","ping_status":"open","sticky":false,"template":"","format":"standard","meta":{"_et_pb_use_builder":"","_et_pb_old_content":"","_et_gb_content_width":"","footnotes":""},"categories":[187],"tags":[],"class_list":["post-1029","post","type-post","status-publish","format-standard","hentry","category-allar-frir","et-doesnt-have-format-content","et_post_format-et-post-format-standard"],"_links":{"self":[{"href":"https:\/\/leiklist.is\/en\/wp-json\/wp\/v2\/posts\/1029","targetHints":{"allow":["GET"]}}],"collection":[{"href":"https:\/\/leiklist.is\/en\/wp-json\/wp\/v2\/posts"}],"about":[{"href":"https:\/\/leiklist.is\/en\/wp-json\/wp\/v2\/types\/post"}],"author":[{"embeddable":true,"href":"https:\/\/leiklist.is\/en\/wp-json\/wp\/v2\/users\/3"}],"replies":[{"embeddable":true,"href":"https:\/\/leiklist.is\/en\/wp-json\/wp\/v2\/comments?post=1029"}],"version-history":[{"count":0,"href":"https:\/\/leiklist.is\/en\/wp-json\/wp\/v2\/posts\/1029\/revisions"}],"wp:attachment":[{"href":"https:\/\/leiklist.is\/en\/wp-json\/wp\/v2\/media?parent=1029"}],"wp:term":[{"taxonomy":"category","embeddable":true,"href":"https:\/\/leiklist.is\/en\/wp-json\/wp\/v2\/categories?post=1029"},{"taxonomy":"post_tag","embeddable":true,"href":"https:\/\/leiklist.is\/en\/wp-json\/wp\/v2\/tags?post=1029"}],"curies":[{"name":"wp","href":"https:\/\/api.w.org\/{rel}","templated":true}]}}