{"id":1028,"date":"2006-10-30T15:00:14","date_gmt":"2006-10-30T15:00:14","guid":{"rendered":"http:\/\/wp.leiklist.is\/?p=1028"},"modified":"2006-10-30T15:00:14","modified_gmt":"2006-10-30T15:00:14","slug":"freikfgi-vestmannaeyja","status":"publish","type":"post","link":"https:\/\/leiklist.is\/en\/freikfgi-vestmannaeyja\/","title":{"rendered":"Fr\u00e1 Leikf\u00e9lagi Vestmannaeyja"},"content":{"rendered":"<p>&THORN;ann 28. okt\u00f3ber var frums\u00fdnt hj\u00e1 Leikf&eacute;lagi Vestmannaeyja&nbsp;verki&eth; &bdquo;M\u00f3gl\u00ed&ldquo; eftir Illuga J&ouml;kulsson \u00ed leikstj\u00f3rn hins fr\u00e1b&aelig;ra leikstj\u00f3ra J\u00f3ns Stef\u00e1ns Kristj\u00e1nssonar. <\/p>\n<p> <!--more--> <img loading=\"lazy\" decoding=\"async\" src=\"http:\/\/www.leiklist.is\/10\/images\/stories\/Adildarfelog\/Sudur\/Vestmannaeyjar\/mogli.jpg\" width=\"300\" height=\"225\" style=\"float: left;\" hspace=\"6\" alt=\"Image\" title=\"Image\" border=\"0\" \/>Er verki&eth; skipa&eth; 18 leikurum \u00e1 aldrinum 7&ndash;22 \u00e1ra og er \u00f3tr\u00falegt a&eth; sj\u00e1 hva&eth; &thorn;essir krakkkar geta. Verki&eth; er mj&ouml;g skemmtilegt og var l&ouml;g&eth; mikil vinna \u00ed b\u00faningana sem saumakonur Leikf&eacute;lags Vestmannaeyja, &thorn;&aelig;r Lilja &THORN;orsteinsd\u00f3ttir og Katr\u00edn Sj&ouml;fn Sigurbj&ouml;rnsd\u00f3ttir&nbsp;s\u00e1u um a&eth; hanna og sauma. Sama er me&eth; svi&eth;i&eth; sem leikstj\u00f3ri \u00e1samt \u00d3skar P&eacute;tri Fri&eth;riksyni yfirsmi&eth; s\u00e1u um a&eth; hanna og sm\u00ed&eth;a. Einnig hj\u00e1lpu&eth;u stj\u00f3rnarme&eth;limir og velunnarar Leikf&eacute;lagsins til a&eth; gera svi&eth;i&eth; sem l\u00edkast sk\u00f3gi. Leikararnir s\u00e1u um a&eth; b\u00faa s&eacute;r til gr\u00edmur og er \u00f3tr\u00falegt a&eth; sj\u00e1 hva&eth; &thorn;a&eth; heppna&eth;ist vel.<br \/> &nbsp;<br \/> S\u00fdnt ver&eth;ur um n&aelig;stu helgar, en stefnt er \u00e1 a&eth; s\u00fdna 8&ndash;10 sinnum, og hvetjum vi&eth; alla til a&eth; leggja lei&eth; s\u00edna til Vestmannaeyja og sj\u00e1 &thorn;etta skemmtilega verk Leikf&eacute;lags Vestmannaeyja.<br \/> &nbsp;<br \/> Mi&eth;asala er \u00ed s\u00edma 481-1940<\/p>","protected":false},"excerpt":{"rendered":"<p>&THORN;ann 28. okt\u00f3ber var frums\u00fdnt hj\u00e1 Leikf&eacute;lagi Vestmannaeyja&nbsp;verki&eth; &bdquo;M\u00f3gl\u00ed&ldquo; eftir Illuga J&ouml;kulsson \u00ed leikstj\u00f3rn hins fr\u00e1b&aelig;ra leikstj\u00f3ra J\u00f3ns Stef\u00e1ns Kristj\u00e1nssonar.<\/p>","protected":false},"author":3,"featured_media":0,"comment_status":"open","ping_status":"open","sticky":false,"template":"","format":"standard","meta":{"_et_pb_use_builder":"","_et_pb_old_content":"","_et_gb_content_width":"","footnotes":""},"categories":[187],"tags":[],"class_list":["post-1028","post","type-post","status-publish","format-standard","hentry","category-allar-frir","et-doesnt-have-format-content","et_post_format-et-post-format-standard"],"_links":{"self":[{"href":"https:\/\/leiklist.is\/en\/wp-json\/wp\/v2\/posts\/1028","targetHints":{"allow":["GET"]}}],"collection":[{"href":"https:\/\/leiklist.is\/en\/wp-json\/wp\/v2\/posts"}],"about":[{"href":"https:\/\/leiklist.is\/en\/wp-json\/wp\/v2\/types\/post"}],"author":[{"embeddable":true,"href":"https:\/\/leiklist.is\/en\/wp-json\/wp\/v2\/users\/3"}],"replies":[{"embeddable":true,"href":"https:\/\/leiklist.is\/en\/wp-json\/wp\/v2\/comments?post=1028"}],"version-history":[{"count":0,"href":"https:\/\/leiklist.is\/en\/wp-json\/wp\/v2\/posts\/1028\/revisions"}],"wp:attachment":[{"href":"https:\/\/leiklist.is\/en\/wp-json\/wp\/v2\/media?parent=1028"}],"wp:term":[{"taxonomy":"category","embeddable":true,"href":"https:\/\/leiklist.is\/en\/wp-json\/wp\/v2\/categories?post=1028"},{"taxonomy":"post_tag","embeddable":true,"href":"https:\/\/leiklist.is\/en\/wp-json\/wp\/v2\/tags?post=1028"}],"curies":[{"name":"wp","href":"https:\/\/api.w.org\/{rel}","templated":true}]}}