{"id":10184,"date":"2018-03-02T13:03:31","date_gmt":"2018-03-02T13:03:31","guid":{"rendered":"https:\/\/leiklist.is\/?p=10184"},"modified":"2020-02-27T21:49:41","modified_gmt":"2020-02-27T21:49:41","slug":"slegid-a-strengi-minninga-og-mannlegs-lifs","status":"publish","type":"post","link":"https:\/\/leiklist.is\/en\/slegid-a-strengi-minninga-og-mannlegs-lifs\/","title":{"rendered":"Slegi\u00f0 \u00e1 strengi minninga og mannlegs l\u00edfs"},"content":{"rendered":"<p><strong>Freyvangsleikh\u00fasi\u00f0, Eyjafir\u00f0i &#8211; \u00derek og t\u00e1r eftir \u00d3laf Hauk S\u00edmonarson<\/strong><br \/>\n<strong>Leikstj\u00f3ri \u00d3lafur Jens Sigur\u00f0sson<\/strong><\/p>\n<p>Freyvangsleikh\u00fasi\u00f0 hefur \u00e1 li\u00f0num \u00e1rum r\u00e1\u00f0ist \u00ed hvert st\u00f3rvirki\u00f0 \u00e1 f\u00e6tur \u00f6\u00f0ru. Leikh\u00fas\u00e1hugaf\u00f3lk hefur geta\u00f0 gengi\u00f0 a\u00f0 \u00fev\u00ed sem v\u00edsu a\u00f0 fer\u00f0 \u00e1 s\u00fdningar \u00ed Freyvangi veiti \u00fev\u00ed \u00fe\u00e1 stundargle\u00f0i sem g\u00f3\u00f0 leikrit og s\u00f6ngleikir gera. <em>\u00derek og t\u00e1r<\/em> eftir \u00d3laf Hauk S\u00edmonarson er s\u00f6ngleikur bygg\u00f0ur upp \u00ed kringum \u00feekkt d\u00e6gurl\u00f6g sem nutu vins\u00e6lda \u00e1 \u00feeim t\u00edma sem leikurinn gerist einhvern t\u00edma \u00ed kringum 1961. \u00dear segir fr\u00e1 m\u00fas\u00edkalskri kaupmannsfj\u00f6lskyldu \u00ed Vesturb\u00e6 Reykjav\u00edkur sem reynir a\u00f0 takast \u00e1 vi\u00f0 \u00fdmsan vanda sem a\u00f0 h\u00f6ndum ber og um lei\u00f0 gl\u00edmir h\u00fan vi\u00f0 erfi\u00f0a drauga fort\u00ed\u00f0ar.<\/p>\n<p>\u00derek og t\u00e1r er \u00feroskasaga Dav\u00ed\u00f0s Einarssonar, unga mannsins \u00ed fj\u00f6lskyldunni, en vi\u00f0 fylgjum honum fr\u00e1 unglings\u00e1rum \u00fear til hann sn\u00fdr aftur heim til \u00cdslands \u00far t\u00f3nlistarn\u00e1mi erlendis \u00fear sem kona og barn b\u00ed\u00f0a hans me\u00f0 opinn fa\u00f0minn. Fer\u00f0 okkar um land minninganna er var\u00f0a\u00f0 l\u00f6gum eins og <em>\u00derek og t\u00e1r<\/em>, <em>Heim\u00fer\u00e1<\/em> og <em>\u00cd r\u00f6kkurr\u00f3<\/em>. N\u00e6r allir \u00fe\u00e1tttakendur \u00ed s\u00fdningunni f\u00e1 a\u00f0 spreyta sig \u00ed s\u00f6ng og dansi og tekst oftar en ekki vel til. S\u00e9rstaklega \u00fe\u00f3tti m\u00e9r gaman a\u00f0 s\u00f6ng \u00d3la Steinars S\u00f3lmundarsonar, e\u00f0a Dav\u00ed\u00f0s, \u00ed balanum og l\u00edflegum og \u00f6ruggum s\u00f6ng og leik S\u00edmonar Birgis Stef\u00e1nssonar \u00ed hlutverki Gunna \u201eG\u00e6\u201d J\u00f3hannssonar.<\/p>\n<p>Samskipti og \u00e1t\u00f6k \u00feeirra fr\u00e6nda Dav\u00ed\u00f0s og Gunna \u201eG\u00e6\u201d virtust um t\u00edma \u00e6tla a\u00f0 stefna Vesturb\u00e6jarfj\u00f6lskyldunni og \u00f6\u00f0rum n\u00e1komnum henni \u00ed gl\u00f6tun me\u00f0 dramat\u00edskum h\u00e6tti. Inn \u00ed \u00feau \u00e1t\u00f6k bl\u00f6ndu\u00f0ust a\u00f0rar pers\u00f3nur verksins me\u00f0 mismiklum h\u00e6tti og ber \u00fe\u00e1 s\u00e9rstaklega a\u00f0 nefna Sj\u00f6fn Snorrad\u00f3ttur \u00ed hlutverki Sigr\u00ed\u00f0ar L\u00e1rusd\u00f3ttur og Stefan\u00edu Sigurd\u00eds J\u00f3h\u00f6nnud\u00f3ttur \u00ed hlutverki Margr\u00e9tar Halld\u00f3rsd\u00f3ttur Fengel. Samleikur S\u00edmonar, Gunna \u201eG\u00e6\u201d og Stefan\u00edu, Margr\u00e9tar Fengel, var tv\u00edm\u00e6lalaust einn af h\u00e1punktum kv\u00f6ldsins en \u00fearna eru kl\u00e1rlega \u00e1 fer\u00f0inni mikil efni og vonandi eigum vi\u00f0 eftir a\u00f0 sj\u00e1 \u00feau st\u00edga aftur \u00e1 svi\u00f0 h\u00e9r nor\u00f0anlands og \u00fea\u00f0 frekar fyrr en s\u00ed\u00f0ar. Innkoma Stefan\u00edu \u00ed samleik me\u00f0 \u00d3la Steinari \u00fear sem h\u00fan fer \u00e1 kostum \u00ed \u00e1starj\u00e1tningum s\u00ednum \u00e1 d\u00f6nsku er \u00f3borganleg og eitt af eftirminnilegri atri\u00f0um s\u00fdningarinnar.<\/p>\n<p>\u00de\u00e1ttur Helgu Daggar J\u00f3nsd\u00f3ttur \u00ed hlutverki s\u00f6ngkonunnar, og h\u00fasm\u00f3\u00f0urinnar Helgu J\u00f3hannsd\u00f3ttur, einu af bur\u00f0arhlutverkum verksins, var l\u00edka me\u00f0 miklum \u00e1g\u00e6tum. S\u00f6mulei\u00f0is komst Ing\u00f3lfur \u00de\u00f3rsson vel fr\u00e1 s\u00ednu \u00ed hlutverki afans J\u00f3hanns \u00c1rnasonar. \u00dalfhildur \u00d6rn\u00f3lfsd\u00f3ttir \u00ed hlutverki Amer\u00edkufarans Krist\u00ednar \u201eDiddu\u201d J\u00f3hannsd\u00f3ttur \u00e1tti virkilega g\u00f3\u00f0a spretti og s\u00f6mu s\u00f6gu m\u00e1 segja um S\u00e6d\u00edsi Gunnarsd\u00f3ttur en h\u00fan skila\u00f0i hlutverki Fr\u00fa B\u00e1ru Fengel me\u00f0 miklum s\u00f3ma. Fr\u00fa B\u00e1ra og eiginma\u00f0urinn Hallur Fengel, leikinn af Hj\u00e1lmari Arinbjarnarsyni, voru virkilega skemmtilegar t\u00fdpur \u00ed skrautlegu pers\u00f3nugaller\u00edi verksins. J\u00f3hanna Ing\u00f3lfsd\u00f3ttir ger\u00f0i harms\u00f6gu Vilhelm\u00ednu Finnsd\u00f3ttur afbrag\u00f0s g\u00f3\u00f0 skil. Kristinn Darri \u00deorsteinsson \u00ed hlutverki \u00c1rna J\u00f3hannssonar \u00e1tti s\u00ednar \u201estundir\u201d \u00ed leiknum og gaman a\u00f0 sj\u00e1 hann og heyra \u201esl\u00e1 \u00ed gegn\u201d \u00ed beinni \u00fatsendingu.<\/p>\n<p>Eiginmennirnir Einar (\u00c1rni J\u00f6kull Gunnarsson) og Gauti (\u00d3\u00f0inn Sn\u00e6r Bj\u00f6rnsson) skilu\u00f0u s\u00ednu me\u00f0 pr\u00fd\u00f0i. Sindri Sn\u00e6r Konr\u00e1\u00f0sson \u00e1tti f\u00edna spretti sem r\u00f6dd h\u00famanismans \u00ed hlutverki \u00c1ka Hansen. Arnfr\u00ed\u00f0ur Kjartansd\u00f3ttir s\u00fdndi g\u00f3\u00f0 til\u00ferif sem Malla \u00ed Mj\u00f3lk\u00f3 og s\u00f6mulei\u00f0is var R\u00f3bert \u00d3lafsson r\u00f6skur sem Gu\u00f0mundur Gu\u00f0mundsson. Vesturb\u00e6ingarnir Embla Bj\u00f6rk J\u00f3nsd\u00f3ttir, N\u00edels Kristinn \u00d3marsson, Hjalti Sn\u00e6r \u00c1rnason og Linda Bj\u00f6rk \u00deorsteinsd\u00f3ttir st\u00f3\u00f0u fyrir s\u00ednu og ekki m\u00e1 gleyma gl\u00e6silegri innkomu hlj\u00f3msveitarinnar \u00e1 svi\u00f0i\u00f0 auk \u00feess a\u00f0 keyra s\u00fdninguna \u00e1fram me\u00f0 \u00f6ruggum s\u00f6ng og hlj\u00f3\u00f0f\u00e6raleik. B\u00faningar og leikmunir voru \u00ed anda \u00feess t\u00edma sem verki\u00f0 gerist \u00e1 og hefur al\u00fa\u00f0 veri\u00f0 l\u00f6g\u00f0 \u00ed litaval og svi\u00f0smynd sem er einn geimur en \u201eskipt \u00ed mi\u00f0ju\u201d og hallar undan f\u00e6ti. Lj\u00f3sin eru notu\u00f0 \u00e1 fj\u00f6lbreytilegan og hnitmi\u00f0a\u00f0an m\u00e1ta til a\u00f0 afmarka leikr\u00fdmi og skerpa atri\u00f0i sem \u00feurfa a\u00f0 skera sig \u00far.<\/p>\n<p>\u00dea\u00f0 m\u00e1 a\u00f0 sj\u00e1lfs\u00f6g\u00f0u velta \u00fev\u00ed fyrir s\u00e9r hva\u00f0 saga af fj\u00f6lskyldu \u00ed Vesturb\u00e6num \u00ed Reykjav\u00edk fyrir meira en h\u00e1lfri \u00f6ld eigi erindi nor\u00f0ur yfir hei\u00f0ar. \u00dea\u00f0 ver\u00f0ur \u00fe\u00f3 a\u00f0 segjast a\u00f0 verki\u00f0 tekur \u00e1 m\u00f6rgu \u00fev\u00ed sem enn er ofarlega \u00e1 baugi um allt land og um v\u00ed\u00f0a ver\u00f6ld s.s. \u00e1st, afbr\u00fd\u00f0i og ofbeldi, s\u00f6ng og gle\u00f0i, vonbrig\u00f0um og draumum f\u00f3lks, sigrum \u00feess og \u00f3sigrum. S\u00f6ngleikurinn er \u00ed heild vel upp settur og fluttningur allur me\u00f0 \u00e1g\u00e6tum. Lj\u00f3st er a\u00f0 ekki er hlaupi\u00f0 a\u00f0 \u00fev\u00ed a\u00f0 manna svo fj\u00f6lmenna og krefjandi s\u00fdningu og til a\u00f0 takast \u00e1 vi\u00f0 svi\u00f0setninguna hefur \u00feurft \u00ferek og kjark \u00fe\u00f3tt ekkert s\u00e9 fullyrt me\u00f0 t\u00e1rin. \u00d3lafur Jens Sigur\u00f0sson leikstj\u00f3ri hefur enn einu sinni unni\u00f0 \u00ferekvirki me\u00f0 leikurum og \u00f6\u00f0ru starfsf\u00f3lki Freyvangsleikh\u00fassins. Allir velunnarar g\u00f3\u00f0s leikh\u00fass eru hvattir til a\u00f0 gera s\u00e9r fer\u00f0 \u00ed Freyvang og nj\u00f3ta afraksturs gr\u00f3sku mikils starfs allra sem a\u00f0 s\u00fdningunni koma.<\/p>\n<p>\u00c1g\u00fast \u00de\u00f3r \u00c1rnason<\/p>\n<p>&nbsp;<\/p>\n<p>&nbsp;<\/p>\n<p>&nbsp;<\/p>\n<p>&nbsp;<\/p>\n<p>&nbsp;<\/p>","protected":false},"excerpt":{"rendered":"<p>Freyvangsleikh\u00fasi\u00f0, Eyjafir\u00f0i &#8211; \u00derek og t\u00e1r eftir \u00d3laf Hauk S\u00edmonarson Leikstj\u00f3ri \u00d3lafur Jens Sigur\u00f0sson Freyvangsleikh\u00fasi\u00f0 hefur \u00e1 li\u00f0num \u00e1rum r\u00e1\u00f0ist \u00ed hvert st\u00f3rvirki\u00f0 \u00e1 f\u00e6tur \u00f6\u00f0ru. Leikh\u00fas\u00e1hugaf\u00f3lk hefur geta\u00f0 gengi\u00f0 a\u00f0 \u00fev\u00ed sem v\u00edsu a\u00f0 fer\u00f0 \u00e1 s\u00fdningar \u00ed Freyvangi veiti \u00fev\u00ed \u00fe\u00e1 stundargle\u00f0i sem g\u00f3\u00f0 leikrit og s\u00f6ngleikir gera. \u00derek og t\u00e1r eftir \u00d3laf [&hellip;]<\/p>\n","protected":false},"author":3,"featured_media":20018,"comment_status":"closed","ping_status":"closed","sticky":false,"template":"","format":"standard","meta":{"_et_pb_use_builder":"","_et_pb_old_content":"","_et_gb_content_width":"","footnotes":""},"categories":[187,186,213],"tags":[],"class_list":["post-10184","post","type-post","status-publish","format-standard","has-post-thumbnail","hentry","category-allar-frir","category-gagnrdinn","category-vikupostur","et-has-post-format-content","et_post_format-et-post-format-standard"],"_links":{"self":[{"href":"https:\/\/leiklist.is\/en\/wp-json\/wp\/v2\/posts\/10184","targetHints":{"allow":["GET"]}}],"collection":[{"href":"https:\/\/leiklist.is\/en\/wp-json\/wp\/v2\/posts"}],"about":[{"href":"https:\/\/leiklist.is\/en\/wp-json\/wp\/v2\/types\/post"}],"author":[{"embeddable":true,"href":"https:\/\/leiklist.is\/en\/wp-json\/wp\/v2\/users\/3"}],"replies":[{"embeddable":true,"href":"https:\/\/leiklist.is\/en\/wp-json\/wp\/v2\/comments?post=10184"}],"version-history":[{"count":0,"href":"https:\/\/leiklist.is\/en\/wp-json\/wp\/v2\/posts\/10184\/revisions"}],"wp:featuredmedia":[{"embeddable":true,"href":"https:\/\/leiklist.is\/en\/wp-json\/wp\/v2\/media\/20018"}],"wp:attachment":[{"href":"https:\/\/leiklist.is\/en\/wp-json\/wp\/v2\/media?parent=10184"}],"wp:term":[{"taxonomy":"category","embeddable":true,"href":"https:\/\/leiklist.is\/en\/wp-json\/wp\/v2\/categories?post=10184"},{"taxonomy":"post_tag","embeddable":true,"href":"https:\/\/leiklist.is\/en\/wp-json\/wp\/v2\/tags?post=10184"}],"curies":[{"name":"wp","href":"https:\/\/api.w.org\/{rel}","templated":true}]}}