{"id":10162,"date":"2018-02-21T14:16:23","date_gmt":"2018-02-21T14:16:23","guid":{"rendered":"https:\/\/leiklist.is\/?p=10162"},"modified":"2018-02-21T14:16:23","modified_gmt":"2018-02-21T14:16:23","slug":"threk-og-tar-i-freyvangsleikhusinu","status":"publish","type":"post","link":"https:\/\/leiklist.is\/en\/threk-og-tar-i-freyvangsleikhusinu\/","title":{"rendered":"\u00derek og t\u00e1r \u00ed Freyvangsleikh\u00fasinu"},"content":{"rendered":"<p>Freyvangsleikh\u00fasi\u00f0 setur n\u00fa upp leikriti\u00f0 \u00derek og t\u00e1r, eitt af \u00e1sts\u00e6lustu verkum \u00d3lafs Hauks S\u00edmonarsonar.\u00a0Leikstj\u00f3ri er \u00d3lafur Jens Sigur\u00f0sson og t\u00f3nlistarstj\u00f3ri Ing\u00f3lfur J\u00f3hannsson.<\/p>\n<p>\u00cd upphafi verksins hittum vi\u00f0 Dav\u00ed\u00f0, ungan og h\u00e6fileikar\u00edkan t\u00f3nlistarmann, sem sn\u00fdr aftur heim til \u00cdslands eftir n\u00e1m erlendis og hann tekur okkur \u00ed fer\u00f0alag til li\u00f0inna t\u00edma. Vi\u00f0 g\u00f6ngum inn \u00ed minningar hans um Reykjav\u00edk vi\u00f0 upphaf sj\u00f6unda \u00e1ratugarins og gle\u00f0jumst og syrgjum me\u00f0 fj\u00f6lskyldu hans \u00ed l\u00edfi og starfi, vinum \u00feeirra og n\u00e1gr\u00f6nnum sem hver og einn \u00e1 s\u00edna s\u00f6gu. T\u00f3nlistin er \u00ed h\u00e1vegum h\u00f6f\u00f0 \u00ed fj\u00f6lskyldunni og h\u00e9r hlj\u00f3ma l\u00f6g eins og \u00derek og t\u00e1r, Heim\u00fer\u00e1 og \u00cd r\u00f6kkurr\u00f3 sem voru vins\u00e6l l\u00f6g \u00e1 \u00feessum t\u00edma.<\/p>\n<p>Frums\u00fdnt ver\u00f0ur 23. febr\u00faar og s\u00fdningar ver\u00f0a f\u00f6studaga og laugardaga fram \u00e1 vor.<\/p>\n<p>N\u00e6stu s\u00fdningar:<br \/>\nFrums\u00fdning 23. febr\u00faar \u2013 UPPSELT<br \/>\n2. S\u00fdning 24. febr\u00faar<br \/>\n3. S\u00fdning 2. mars<br \/>\n4. S\u00fdning 3. mars<\/p>\n<p>Allar s\u00fdningar hefjast kl. 20.00<\/p>","protected":false},"excerpt":{"rendered":"<p>Freyvangsleikh\u00fasi\u00f0 setur n\u00fa upp leikriti\u00f0 \u00derek og t\u00e1r, eitt af \u00e1sts\u00e6lustu verkum \u00d3lafs Hauks S\u00edmonarsonar.\u00a0Leikstj\u00f3ri er \u00d3lafur Jens Sigur\u00f0sson og t\u00f3nlistarstj\u00f3ri Ing\u00f3lfur J\u00f3hannsson. \u00cd upphafi verksins hittum vi\u00f0 Dav\u00ed\u00f0, ungan og h\u00e6fileikar\u00edkan t\u00f3nlistarmann, sem sn\u00fdr aftur heim til \u00cdslands eftir n\u00e1m erlendis og hann tekur okkur \u00ed fer\u00f0alag til li\u00f0inna t\u00edma. Vi\u00f0 g\u00f6ngum inn \u00ed [&hellip;]<\/p>\n","protected":false},"author":3,"featured_media":10163,"comment_status":"closed","ping_status":"closed","sticky":false,"template":"","format":"standard","meta":{"_et_pb_use_builder":"","_et_pb_old_content":"","_et_gb_content_width":"","footnotes":""},"categories":[187,213],"tags":[],"class_list":["post-10162","post","type-post","status-publish","format-standard","has-post-thumbnail","hentry","category-allar-frir","category-vikupostur","et-has-post-format-content","et_post_format-et-post-format-standard"],"_links":{"self":[{"href":"https:\/\/leiklist.is\/en\/wp-json\/wp\/v2\/posts\/10162","targetHints":{"allow":["GET"]}}],"collection":[{"href":"https:\/\/leiklist.is\/en\/wp-json\/wp\/v2\/posts"}],"about":[{"href":"https:\/\/leiklist.is\/en\/wp-json\/wp\/v2\/types\/post"}],"author":[{"embeddable":true,"href":"https:\/\/leiklist.is\/en\/wp-json\/wp\/v2\/users\/3"}],"replies":[{"embeddable":true,"href":"https:\/\/leiklist.is\/en\/wp-json\/wp\/v2\/comments?post=10162"}],"version-history":[{"count":0,"href":"https:\/\/leiklist.is\/en\/wp-json\/wp\/v2\/posts\/10162\/revisions"}],"wp:featuredmedia":[{"embeddable":true,"href":"https:\/\/leiklist.is\/en\/wp-json\/"}],"wp:attachment":[{"href":"https:\/\/leiklist.is\/en\/wp-json\/wp\/v2\/media?parent=10162"}],"wp:term":[{"taxonomy":"category","embeddable":true,"href":"https:\/\/leiklist.is\/en\/wp-json\/wp\/v2\/categories?post=10162"},{"taxonomy":"post_tag","embeddable":true,"href":"https:\/\/leiklist.is\/en\/wp-json\/wp\/v2\/tags?post=10162"}],"curies":[{"name":"wp","href":"https:\/\/api.w.org\/{rel}","templated":true}]}}