{"id":10102,"date":"2018-01-26T11:59:05","date_gmt":"2018-01-26T11:59:05","guid":{"rendered":"https:\/\/leiklist.is\/?p=10102"},"modified":"2018-01-26T11:59:05","modified_gmt":"2018-01-26T11:59:05","slug":"ahhh-astin-er","status":"publish","type":"post","link":"https:\/\/leiklist.is\/en\/ahhh-astin-er\/","title":{"rendered":"Ahhh &#8230;  \u00c1stin er &#8230;"},"content":{"rendered":"<p class=\"p1\">\u00a0&#8230; a\u00f0 halda jafnv\u00e6gi<br \/>\nNei fokk &#8230;<br \/>\n\u00c1stin er a\u00f0 detta<\/p>\n<p class=\"p1\">Frums\u00fdning \u00ed Tjarnarb\u00ed\u00f3i f\u00f6studaginn 9. febr\u00faar kl. 20:30<span class=\"s1\"><b>.<\/b><\/span><\/p>\n<p class=\"p1\">Lj\u00f3\u00f0r\u00e6nn, fyndinn og kyn\u00feokkafullur kabarett um vegi og vegleysur \u00e1starinnar.\u00a0 Me\u00f0 texta El\u00edsabetar J\u00f6kulsd\u00f3ttur a\u00f0 vopni, mun RaTaTam syngja, dansa og leika s\u00e9r \u00ed gegnum margv\u00edslega heima \u00e1stargl\u00f3\u00f0anna.<\/p>\n<p>\u00cd textum El\u00edsabetar er l\u00f6ngun manneskjunnar eftir \u00e1st \u00ed forgrunni.\u00a0 L\u00f6ngunin \u00ed a\u00f0 tilheyra, vera elska\u00f0ur og f\u00e1 a\u00f0 elska. \u00der\u00e1 og l\u00f6ngun l\u00edkamans \u00ed a\u00f0 vera uppfullur af fi\u00f0ringi og spenningi fyrir annarri manneskju.\u00a0El\u00edsabet hefur \u00feann einstaka h\u00e6fileika a\u00f0 fjalla um hluti sem vi\u00f0 \u00f6ll k\u00f6nnumst vi\u00f0 \u00e1 mannlegan og hei\u00f0arlegan h\u00e1tt.<\/p>\n<p>RaTaTam leikur s\u00e9r me\u00f0 texta og lj\u00f3\u00f0 hennar, innbyr\u00f0ir, opnar og leikur me\u00f0 \u00feau \u00ed kabarett og leikh\u00fas formi. H\u00famorinn, l\u00edkaminn, r\u00f6ddinn og \u00e1stin f\u00e6r a\u00f0 r\u00e1\u00f0a f\u00f6r \u00ed \u00feeim leik.<\/p>\n<p>Leikstj\u00f3rn: Charlotte B\u00f8ving<br \/>\nTextar og lj\u00f3\u00f0: El\u00edsabet J\u00f6kulsd\u00f3ttir<br \/>\nLeikmynda og b\u00faningah\u00f6nnun: \u00de\u00f3runn Mar\u00eda J\u00f3nsd\u00f3ttir<br \/>\nT\u00f3nlist: RaTaTamT\u00f3nlistarstj\u00f3rn: Helgi Svavar Helgason<br \/>\nLj\u00f3sah\u00f6nnun: Arnar Ingvarsson<br \/>\nHreyfingar: Hildur Magn\u00fasd\u00f3ttir<br \/>\nLeikarar: Albert Halld\u00f3rsson, Gu\u00f0mundur Ingi \u00deorvaldsson, Halld\u00f3ra Rut Baldursd\u00f3ttir, Laufey El\u00edasd\u00f3ttir<br \/>\nLj\u00f3smyndun: Saga Sigur\u00f0ard\u00f3ttir<br \/>\nGraf\u00edsk h\u00f6nnun: Alexandra Baldursd\u00f3ttir<br \/>\nMyndb\u00f6nd: Ragnar Hansson<br \/>\nFramkv\u00e6mdastj\u00f3rn: Gr\u00edma Kristj\u00e1nsd\u00f3ttir<\/p>","protected":false},"excerpt":{"rendered":"<p>\u00a0&#8230; a\u00f0 halda jafnv\u00e6gi Nei fokk &#8230; \u00c1stin er a\u00f0 detta Frums\u00fdning \u00ed Tjarnarb\u00ed\u00f3i f\u00f6studaginn 9. febr\u00faar kl. 20:30. Lj\u00f3\u00f0r\u00e6nn, fyndinn og kyn\u00feokkafullur kabarett um vegi og vegleysur \u00e1starinnar.\u00a0 Me\u00f0 texta El\u00edsabetar J\u00f6kulsd\u00f3ttur a\u00f0 vopni, mun RaTaTam syngja, dansa og leika s\u00e9r \u00ed gegnum margv\u00edslega heima \u00e1stargl\u00f3\u00f0anna. \u00cd textum El\u00edsabetar er l\u00f6ngun manneskjunnar eftir \u00e1st [&hellip;]<\/p>\n","protected":false},"author":3,"featured_media":10103,"comment_status":"closed","ping_status":"closed","sticky":false,"template":"","format":"standard","meta":{"_et_pb_use_builder":"","_et_pb_old_content":"","_et_gb_content_width":"","footnotes":""},"categories":[187,213],"tags":[],"class_list":["post-10102","post","type-post","status-publish","format-standard","has-post-thumbnail","hentry","category-allar-frir","category-vikupostur","et-has-post-format-content","et_post_format-et-post-format-standard"],"_links":{"self":[{"href":"https:\/\/leiklist.is\/en\/wp-json\/wp\/v2\/posts\/10102","targetHints":{"allow":["GET"]}}],"collection":[{"href":"https:\/\/leiklist.is\/en\/wp-json\/wp\/v2\/posts"}],"about":[{"href":"https:\/\/leiklist.is\/en\/wp-json\/wp\/v2\/types\/post"}],"author":[{"embeddable":true,"href":"https:\/\/leiklist.is\/en\/wp-json\/wp\/v2\/users\/3"}],"replies":[{"embeddable":true,"href":"https:\/\/leiklist.is\/en\/wp-json\/wp\/v2\/comments?post=10102"}],"version-history":[{"count":0,"href":"https:\/\/leiklist.is\/en\/wp-json\/wp\/v2\/posts\/10102\/revisions"}],"wp:featuredmedia":[{"embeddable":true,"href":"https:\/\/leiklist.is\/en\/wp-json\/"}],"wp:attachment":[{"href":"https:\/\/leiklist.is\/en\/wp-json\/wp\/v2\/media?parent=10102"}],"wp:term":[{"taxonomy":"category","embeddable":true,"href":"https:\/\/leiklist.is\/en\/wp-json\/wp\/v2\/categories?post=10102"},{"taxonomy":"post_tag","embeddable":true,"href":"https:\/\/leiklist.is\/en\/wp-json\/wp\/v2\/tags?post=10102"}],"curies":[{"name":"wp","href":"https:\/\/api.w.org\/{rel}","templated":true}]}}